{"id":636,"date":"2015-04-30T16:44:36","date_gmt":"2015-04-30T14:44:36","guid":{"rendered":"https:\/\/www.enfantsdesandes.org\/blog\/?p=636"},"modified":"2015-04-30T16:44:36","modified_gmt":"2015-04-30T14:44:36","slug":"evaristo-ancien-filleul-de-tingo","status":"publish","type":"post","link":"https:\/\/www.enfantsdesandes.org\/blog\/?p=636","title":{"rendered":"Evaristo, ancien filleul de Tingo"},"content":{"rendered":"<p>Lisez cette lettre d&rsquo;Evaristo, qui a \u00e9t\u00e9 filleul dans la Aldea de Tingo pendant 3 ans, et qui est venu \u00e0 Nasca r\u00e9cemment pour rencontrer la Pr\u00e9sidente d&rsquo;EDA !<\/p>\n<p>Bonjour<br \/>\nMon nom est Evaristo Salazar Sullca. Je suis arrive a la aldea pour la premi\u00e8re fois en 2006, j\u2019\u00e9tais en 6eme ann\u00e9e de primaire. J\u2019y suis reste seulement un an et en 2007 je suis rest\u00e9 avec ma famille. Alors je me suis rendu compte que ma maman ne s\u2019en sortait pas avec les d\u00e9penses caus\u00e9es par mon fr\u00e8re et moi.<br \/>\nAlors je suis reparti \u00e0 la aldea en 2008. J\u2019\u00e9tais en 2eme ann\u00e9e de secondaire et j\u2019y suis reste jusqu\u2019en 2010, en 4eme ann\u00e9e de secondaire. Pendant ces 3 ans que j\u2019ai pass\u00e9s \u00e0 la aldea j\u2019ai appris les bonnes valeurs, j\u2019ai appris \u00e0 respecter les gens, \u00e0 \u00eatre solidaire avec les autres, et on m\u2019a appris aussi a faire le m\u00e9nage. J\u2019ai \u00e9galement connu de bons volontaires qui nous aidaient dans beaucoup de choses, et j\u2019ai connu Madame Mirella et la Madre qui sont les deux Directrices. Je me souviens que dans la aldea j\u2019ai pass\u00e9 de bons moments, j\u2019ai ri, et j\u2019ai pleur\u00e9.<br \/>\nLa v\u00e9rit\u00e9 c\u2019est que j\u2019\u00e9tais heureux dans la aldea. Bon, ensuite j\u2019ai du sortir parce que ma famille me manquait et en 2011 j\u2019\u00e9tais avec ma maman et ma s\u0153ur.<br \/>\nMa maman m\u2019a fait terminer le Secondaire et ensuite je me suis mis \u00e0 travailler pour participer aux d\u00e9penses de la maison. Et apr\u00e8s 3 ans je suis all\u00e9 a la Rencontre que la Madre avait organis\u00e9e et j\u2019ai \u00e9t\u00e9 content de rencontrer les personnes qui m\u2019ont \u00e9lev\u00e9 quand j\u2019\u00e9tais jeune. La Rencontre \u00e9tait le 3 janvier 2015 et je suis reste jusqu\u2019au 20 janvier 2015, et pendant tout ce temps je me suis r\u00e9gal\u00e9. J\u2019ai racont\u00e9 \u00e0 la Madre ce qui m\u2019est arriv\u00e9 depuis que je suis parti de la aldea et je pense et je veux terminer mes \u00e9tudes sup\u00e9rieures pour ainsi pouvoir aider un peu la aldea.<br \/>\nJe vous remercie beaucoup vous tous d\u2019aider la aldea et ainsi la aldea nous aide a continuer a \u00e9tudier.<br \/>\nJe vous remercie beaucoup, quelquefois m\u00eame sans avoir de filleul vous continuez \u00e0 aider la aldea et moi je suivrai votre exemple. Quand je serai un professionnel j\u2019aiderai, de la m\u00eame fa\u00e7on que vous.<br \/>\nQue Dieu vous b\u00e9nisse vous et toutes vos familles.<br \/>\nEvaristo<\/p>\n","protected":false},"excerpt":{"rendered":"<p>Lisez cette lettre d&rsquo;Evaristo, qui a \u00e9t\u00e9 filleul dans la Aldea de Tingo pendant 3 ans, et qui est venu \u00e0 Nasca r\u00e9cemment pour rencontrer la Pr\u00e9sidente d&rsquo;EDA ! Bonjour Mon nom est Evaristo Salazar Sullca. Je suis arrive a la aldea pour la premi\u00e8re fois en 2006, j\u2019\u00e9tais en 6eme ann\u00e9e de primaire. J\u2019y [&hellip;]<\/p>\n","protected":false},"author":3,"featured_media":0,"comment_status":"open","ping_status":"open","sticky":false,"template":"","format":"standard","meta":{"footnotes":""},"categories":[1],"tags":[],"class_list":["post-636","post","type-post","status-publish","format-standard","hentry","category-inclassables"],"_links":{"self":[{"href":"https:\/\/www.enfantsdesandes.org\/blog\/index.php?rest_route=\/wp\/v2\/posts\/636","targetHints":{"allow":["GET"]}}],"collection":[{"href":"https:\/\/www.enfantsdesandes.org\/blog\/index.php?rest_route=\/wp\/v2\/posts"}],"about":[{"href":"https:\/\/www.enfantsdesandes.org\/blog\/index.php?rest_route=\/wp\/v2\/types\/post"}],"author":[{"embeddable":true,"href":"https:\/\/www.enfantsdesandes.org\/blog\/index.php?rest_route=\/wp\/v2\/users\/3"}],"replies":[{"embeddable":true,"href":"https:\/\/www.enfantsdesandes.org\/blog\/index.php?rest_route=%2Fwp%2Fv2%2Fcomments&post=636"}],"version-history":[{"count":1,"href":"https:\/\/www.enfantsdesandes.org\/blog\/index.php?rest_route=\/wp\/v2\/posts\/636\/revisions"}],"predecessor-version":[{"id":637,"href":"https:\/\/www.enfantsdesandes.org\/blog\/index.php?rest_route=\/wp\/v2\/posts\/636\/revisions\/637"}],"wp:attachment":[{"href":"https:\/\/www.enfantsdesandes.org\/blog\/index.php?rest_route=%2Fwp%2Fv2%2Fmedia&parent=636"}],"wp:term":[{"taxonomy":"category","embeddable":true,"href":"https:\/\/www.enfantsdesandes.org\/blog\/index.php?rest_route=%2Fwp%2Fv2%2Fcategories&post=636"},{"taxonomy":"post_tag","embeddable":true,"href":"https:\/\/www.enfantsdesandes.org\/blog\/index.php?rest_route=%2Fwp%2Fv2%2Ftags&post=636"}],"curies":[{"name":"wp","href":"https:\/\/api.w.org\/{rel}","templated":true}]}}