{"id":578,"date":"2014-06-16T10:20:21","date_gmt":"2014-06-16T08:20:21","guid":{"rendered":"https:\/\/www.enfantsdesandes.org\/blog\/?p=578"},"modified":"2014-06-16T10:20:21","modified_gmt":"2014-06-16T08:20:21","slug":"les-matelas-nouveaux-sont-arrives","status":"publish","type":"post","link":"https:\/\/www.enfantsdesandes.org\/blog\/?p=578","title":{"rendered":"Les matelas nouveaux sont arriv\u00e9s !"},"content":{"rendered":"<p>Les nouveaux matelas sont arriv\u00e9s \u00e0 Tingo ! (depuis novembre dernier, en fait\u2026)<\/p>\n<div id=\"attachment_579\" style=\"width: 310px\" class=\"wp-caption aligncenter\"><a href=\"https:\/\/www.enfantsdesandes.org\/blog\/wp-content\/uploads\/dsci0072.jpg\"><img loading=\"lazy\" decoding=\"async\" aria-describedby=\"caption-attachment-579\" src=\"https:\/\/www.enfantsdesandes.org\/blog\/wp-content\/uploads\/dsci0072-300x225.jpg\" alt=\"Arriv\u00e9e des matelas...\" title=\"dsci0072\" width=\"300\" height=\"225\" class=\"size-medium wp-image-579\" srcset=\"https:\/\/www.enfantsdesandes.org\/blog\/wp-content\/uploads\/dsci0072-300x225.jpg 300w, https:\/\/www.enfantsdesandes.org\/blog\/wp-content\/uploads\/dsci0072-1024x768.jpg 1024w\" sizes=\"auto, (max-width: 300px) 100vw, 300px\" \/><\/a><p id=\"caption-attachment-579\" class=\"wp-caption-text\">Arriv\u00e9e des matelas...<\/p><\/div>\n<div id=\"attachment_581\" style=\"width: 310px\" class=\"wp-caption aligncenter\"><a href=\"https:\/\/www.enfantsdesandes.org\/blog\/wp-content\/uploads\/dsci0090.jpg\"><img loading=\"lazy\" decoding=\"async\" aria-describedby=\"caption-attachment-581\" src=\"https:\/\/www.enfantsdesandes.org\/blog\/wp-content\/uploads\/dsci0090-300x225.jpg\" alt=\"Petite v\u00e9rif&#039;...\" title=\"dsci0090\" width=\"300\" height=\"225\" class=\"size-medium wp-image-581\" srcset=\"https:\/\/www.enfantsdesandes.org\/blog\/wp-content\/uploads\/dsci0090-300x225.jpg 300w, https:\/\/www.enfantsdesandes.org\/blog\/wp-content\/uploads\/dsci0090-1024x768.jpg 1024w\" sizes=\"auto, (max-width: 300px) 100vw, 300px\" \/><\/a><p id=\"caption-attachment-581\" class=\"wp-caption-text\">Petite v\u00e9rif'...<\/p><\/div>\n<div id=\"attachment_580\" style=\"width: 310px\" class=\"wp-caption aligncenter\"><a href=\"https:\/\/www.enfantsdesandes.org\/blog\/wp-content\/uploads\/dsci0082.jpg\"><img loading=\"lazy\" decoding=\"async\" aria-describedby=\"caption-attachment-580\" src=\"https:\/\/www.enfantsdesandes.org\/blog\/wp-content\/uploads\/dsci0082-300x225.jpg\" alt=\"Transfert dans les chambres !\" title=\"dsci0082\" width=\"300\" height=\"225\" class=\"size-medium wp-image-580\" srcset=\"https:\/\/www.enfantsdesandes.org\/blog\/wp-content\/uploads\/dsci0082-300x225.jpg 300w, https:\/\/www.enfantsdesandes.org\/blog\/wp-content\/uploads\/dsci0082-1024x768.jpg 1024w\" sizes=\"auto, (max-width: 300px) 100vw, 300px\" \/><\/a><p id=\"caption-attachment-580\" class=\"wp-caption-text\">Transfert dans les chambres !<\/p><\/div>\n","protected":false},"excerpt":{"rendered":"<p>Les nouveaux matelas sont arriv\u00e9s \u00e0 Tingo ! (depuis novembre dernier, en fait\u2026)<\/p>\n","protected":false},"author":3,"featured_media":0,"comment_status":"open","ping_status":"open","sticky":false,"template":"","format":"standard","meta":{"footnotes":""},"categories":[1],"tags":[],"class_list":["post-578","post","type-post","status-publish","format-standard","hentry","category-inclassables"],"_links":{"self":[{"href":"https:\/\/www.enfantsdesandes.org\/blog\/index.php?rest_route=\/wp\/v2\/posts\/578","targetHints":{"allow":["GET"]}}],"collection":[{"href":"https:\/\/www.enfantsdesandes.org\/blog\/index.php?rest_route=\/wp\/v2\/posts"}],"about":[{"href":"https:\/\/www.enfantsdesandes.org\/blog\/index.php?rest_route=\/wp\/v2\/types\/post"}],"author":[{"embeddable":true,"href":"https:\/\/www.enfantsdesandes.org\/blog\/index.php?rest_route=\/wp\/v2\/users\/3"}],"replies":[{"embeddable":true,"href":"https:\/\/www.enfantsdesandes.org\/blog\/index.php?rest_route=%2Fwp%2Fv2%2Fcomments&post=578"}],"version-history":[{"count":1,"href":"https:\/\/www.enfantsdesandes.org\/blog\/index.php?rest_route=\/wp\/v2\/posts\/578\/revisions"}],"predecessor-version":[{"id":582,"href":"https:\/\/www.enfantsdesandes.org\/blog\/index.php?rest_route=\/wp\/v2\/posts\/578\/revisions\/582"}],"wp:attachment":[{"href":"https:\/\/www.enfantsdesandes.org\/blog\/index.php?rest_route=%2Fwp%2Fv2%2Fmedia&parent=578"}],"wp:term":[{"taxonomy":"category","embeddable":true,"href":"https:\/\/www.enfantsdesandes.org\/blog\/index.php?rest_route=%2Fwp%2Fv2%2Fcategories&post=578"},{"taxonomy":"post_tag","embeddable":true,"href":"https:\/\/www.enfantsdesandes.org\/blog\/index.php?rest_route=%2Fwp%2Fv2%2Ftags&post=578"}],"curies":[{"name":"wp","href":"https:\/\/api.w.org\/{rel}","templated":true}]}}