{"id":571,"date":"2014-06-01T08:34:20","date_gmt":"2014-06-01T06:34:20","guid":{"rendered":"https:\/\/www.enfantsdesandes.org\/blog\/?p=571"},"modified":"2014-06-01T08:36:30","modified_gmt":"2014-06-01T06:36:30","slug":"une-video-pour-la-fete-des-meres","status":"publish","type":"post","link":"https:\/\/www.enfantsdesandes.org\/blog\/?p=571","title":{"rendered":"Une vid\u00e9o pour la f\u00eate des m\u00e8res !"},"content":{"rendered":"<p>A Tingo Maria, les enfants ont tourn\u00e9 une petite vid\u00e9o \u00e0 destination des marraines de l&rsquo;association\u2026 <\/p>\n<div id=\"attachment_574\" style=\"width: 310px\" class=\"wp-caption aligncenter\"><a href=\"https:\/\/www.youtube.com\/watch?v=c8GJrHl_Gwo\"><img loading=\"lazy\" decoding=\"async\" aria-describedby=\"caption-attachment-574\" src=\"https:\/\/www.enfantsdesandes.org\/blog\/wp-content\/uploads\/capture-de28099ecran-2014-06-01-a-0812411-300x176.jpg\" alt=\"Une vid\u00e9o pour les marraines !\" title=\"Video Tingo Maria\" width=\"300\" height=\"176\" class=\"size-medium wp-image-574\" srcset=\"https:\/\/www.enfantsdesandes.org\/blog\/wp-content\/uploads\/capture-de28099ecran-2014-06-01-a-0812411-300x176.jpg 300w, https:\/\/www.enfantsdesandes.org\/blog\/wp-content\/uploads\/capture-de28099ecran-2014-06-01-a-0812411.jpg 491w\" sizes=\"auto, (max-width: 300px) 100vw, 300px\" \/><\/a><p id=\"caption-attachment-574\" class=\"wp-caption-text\">Une vid\u00e9o pour les marraines !<\/p><\/div>\n","protected":false},"excerpt":{"rendered":"<p>A Tingo Maria, les enfants ont tourn\u00e9 une petite vid\u00e9o \u00e0 destination des marraines de l&rsquo;association\u2026<\/p>\n","protected":false},"author":3,"featured_media":0,"comment_status":"open","ping_status":"open","sticky":false,"template":"","format":"standard","meta":{"footnotes":""},"categories":[1],"tags":[],"class_list":["post-571","post","type-post","status-publish","format-standard","hentry","category-inclassables"],"_links":{"self":[{"href":"https:\/\/www.enfantsdesandes.org\/blog\/index.php?rest_route=\/wp\/v2\/posts\/571","targetHints":{"allow":["GET"]}}],"collection":[{"href":"https:\/\/www.enfantsdesandes.org\/blog\/index.php?rest_route=\/wp\/v2\/posts"}],"about":[{"href":"https:\/\/www.enfantsdesandes.org\/blog\/index.php?rest_route=\/wp\/v2\/types\/post"}],"author":[{"embeddable":true,"href":"https:\/\/www.enfantsdesandes.org\/blog\/index.php?rest_route=\/wp\/v2\/users\/3"}],"replies":[{"embeddable":true,"href":"https:\/\/www.enfantsdesandes.org\/blog\/index.php?rest_route=%2Fwp%2Fv2%2Fcomments&post=571"}],"version-history":[{"count":2,"href":"https:\/\/www.enfantsdesandes.org\/blog\/index.php?rest_route=\/wp\/v2\/posts\/571\/revisions"}],"predecessor-version":[{"id":575,"href":"https:\/\/www.enfantsdesandes.org\/blog\/index.php?rest_route=\/wp\/v2\/posts\/571\/revisions\/575"}],"wp:attachment":[{"href":"https:\/\/www.enfantsdesandes.org\/blog\/index.php?rest_route=%2Fwp%2Fv2%2Fmedia&parent=571"}],"wp:term":[{"taxonomy":"category","embeddable":true,"href":"https:\/\/www.enfantsdesandes.org\/blog\/index.php?rest_route=%2Fwp%2Fv2%2Fcategories&post=571"},{"taxonomy":"post_tag","embeddable":true,"href":"https:\/\/www.enfantsdesandes.org\/blog\/index.php?rest_route=%2Fwp%2Fv2%2Ftags&post=571"}],"curies":[{"name":"wp","href":"https:\/\/api.w.org\/{rel}","templated":true}]}}