{"id":565,"date":"2014-03-11T13:09:05","date_gmt":"2014-03-11T11:09:05","guid":{"rendered":"https:\/\/www.enfantsdesandes.org\/blog\/?p=565"},"modified":"2014-03-11T13:10:34","modified_gmt":"2014-03-11T11:10:34","slug":"helen-en-italie","status":"publish","type":"post","link":"https:\/\/www.enfantsdesandes.org\/blog\/?p=565","title":{"rendered":"Helen en Italie"},"content":{"rendered":"<p>Helen est p\u00e9ruvienne, et a b\u00e9n\u00e9fici\u00e9 d&rsquo;un statut de Volontaire Europ\u00e9en par Enfants des Andes. Elle a pass\u00e9 6 mois \u00e0 Palerme en Sicile pour effectuer son volontariat.<\/p>\n<p>Elle a travaill\u00e9 dans l&rsquo;ONG CESIE, pour laquelle elle a r\u00e9alis\u00e9 du mat\u00e9riel photographique et audiovisuel. <\/p>\n<p>Elle s&rsquo;est aussi investie dans une maison d&rsquo;accueil pour enfants, la \u00ab\u00a0Casa de tutti le genti\u00a0\u00bb, o\u00f9 son travail consistait \u00e0 cr\u00e9er des activit\u00e9s pour enfants.<\/p>\n<p>Maintenant, elle est de retour au P\u00e9rou. Nous esp\u00e9rons qu&rsquo;elle pourra s&rsquo;investir \u00e0 nouveau dans l&rsquo;association, au P\u00e9rou cette fois !<\/p>\n<p><a href=\"https:\/\/www.enfantsdesandes.org\/blog\/wp-content\/uploads\/guarderia-021.jpg\"><img loading=\"lazy\" decoding=\"async\" src=\"https:\/\/www.enfantsdesandes.org\/blog\/wp-content\/uploads\/guarderia-021-300x241.jpg\" alt=\"Helen en Italie\" title=\"Helen en Italie\" width=\"300\" height=\"241\" class=\"aligncenter size-medium wp-image-569\" srcset=\"https:\/\/www.enfantsdesandes.org\/blog\/wp-content\/uploads\/guarderia-021-300x241.jpg 300w, https:\/\/www.enfantsdesandes.org\/blog\/wp-content\/uploads\/guarderia-021-1024x823.jpg 1024w\" sizes=\"auto, (max-width: 300px) 100vw, 300px\" \/><\/a><\/p>\n","protected":false},"excerpt":{"rendered":"<p>Helen est p\u00e9ruvienne, et a b\u00e9n\u00e9fici\u00e9 d&rsquo;un statut de Volontaire Europ\u00e9en par Enfants des Andes. Elle a pass\u00e9 6 mois \u00e0 Palerme en Sicile pour effectuer son volontariat. Elle a travaill\u00e9 dans l&rsquo;ONG CESIE, pour laquelle elle a r\u00e9alis\u00e9 du mat\u00e9riel photographique et audiovisuel. Elle s&rsquo;est aussi investie dans une maison d&rsquo;accueil pour enfants, la [&hellip;]<\/p>\n","protected":false},"author":3,"featured_media":0,"comment_status":"open","ping_status":"open","sticky":false,"template":"","format":"standard","meta":{"footnotes":""},"categories":[1],"tags":[],"class_list":["post-565","post","type-post","status-publish","format-standard","hentry","category-inclassables"],"_links":{"self":[{"href":"https:\/\/www.enfantsdesandes.org\/blog\/index.php?rest_route=\/wp\/v2\/posts\/565","targetHints":{"allow":["GET"]}}],"collection":[{"href":"https:\/\/www.enfantsdesandes.org\/blog\/index.php?rest_route=\/wp\/v2\/posts"}],"about":[{"href":"https:\/\/www.enfantsdesandes.org\/blog\/index.php?rest_route=\/wp\/v2\/types\/post"}],"author":[{"embeddable":true,"href":"https:\/\/www.enfantsdesandes.org\/blog\/index.php?rest_route=\/wp\/v2\/users\/3"}],"replies":[{"embeddable":true,"href":"https:\/\/www.enfantsdesandes.org\/blog\/index.php?rest_route=%2Fwp%2Fv2%2Fcomments&post=565"}],"version-history":[{"count":3,"href":"https:\/\/www.enfantsdesandes.org\/blog\/index.php?rest_route=\/wp\/v2\/posts\/565\/revisions"}],"predecessor-version":[{"id":570,"href":"https:\/\/www.enfantsdesandes.org\/blog\/index.php?rest_route=\/wp\/v2\/posts\/565\/revisions\/570"}],"wp:attachment":[{"href":"https:\/\/www.enfantsdesandes.org\/blog\/index.php?rest_route=%2Fwp%2Fv2%2Fmedia&parent=565"}],"wp:term":[{"taxonomy":"category","embeddable":true,"href":"https:\/\/www.enfantsdesandes.org\/blog\/index.php?rest_route=%2Fwp%2Fv2%2Fcategories&post=565"},{"taxonomy":"post_tag","embeddable":true,"href":"https:\/\/www.enfantsdesandes.org\/blog\/index.php?rest_route=%2Fwp%2Fv2%2Ftags&post=565"}],"curies":[{"name":"wp","href":"https:\/\/api.w.org\/{rel}","templated":true}]}}