{"id":562,"date":"2014-02-28T17:36:59","date_gmt":"2014-02-28T15:36:59","guid":{"rendered":"https:\/\/www.enfantsdesandes.org\/blog\/?p=562"},"modified":"2014-02-28T17:36:59","modified_gmt":"2014-02-28T15:36:59","slug":"du-ping-pong-a-nasca","status":"publish","type":"post","link":"https:\/\/www.enfantsdesandes.org\/blog\/?p=562","title":{"rendered":"Du ping-pong \u00e0 Nasca !"},"content":{"rendered":"<div id=\"attachment_563\" style=\"width: 310px\" class=\"wp-caption aligncenter\"><a href=\"https:\/\/www.enfantsdesandes.org\/blog\/wp-content\/uploads\/photo-felix.jpeg\"><img loading=\"lazy\" decoding=\"async\" aria-describedby=\"caption-attachment-563\" src=\"https:\/\/www.enfantsdesandes.org\/blog\/wp-content\/uploads\/photo-felix-300x225.jpg\" alt=\"De gauche \u00e0 droite\u00a0: Abel, Juan De Dios, Kenny et Tio Maurice\" title=\"photo-felix\" width=\"300\" height=\"225\" class=\"size-medium wp-image-563\" srcset=\"https:\/\/www.enfantsdesandes.org\/blog\/wp-content\/uploads\/photo-felix-300x225.jpg 300w, https:\/\/www.enfantsdesandes.org\/blog\/wp-content\/uploads\/photo-felix.jpeg 960w\" sizes=\"auto, (max-width: 300px) 100vw, 300px\" \/><\/a><p id=\"caption-attachment-563\" class=\"wp-caption-text\">De gauche \u00e0 droite : Abel, Juan De Dios, Kenny et Tio Maurice<\/p><\/div>\n<p>\u00ab\u00a0Lorsque j ai eu confirmation de mon d\u00e9part dans l\u2019association Enfants Des Andes, je me suis organis\u00e9, arm\u00e9 d\u2019une \u00e9quipe tr\u00e8s motiv\u00e9e, pour r\u00e9colter du mat\u00e9riel sportifs et des dons pour l\u2019acheminement de la valise suppl\u00e9mentaire.<br \/>\nGr\u00e2ce \u00e0 la g\u00e9n\u00e9rosit\u00e9 des personnes pr\u00e9sentes lors d\u2019un tournoi amical organis\u00e9 par le Pouzauges Vend\u00e9e Handball, les dons ont afflu\u00e9, plus qu\u2019esp\u00e9r\u00e9s. Ainsi est n\u00e9e l\u2019id\u00e9e de cr\u00e9er une table de ping-pong avec le montant restant&#8230;<\/p>\n<p>La premi\u00e8re \u00e9preuve fut de trouver du bois, ayant une surface plate assez grande. Dans le d\u00e9sert le bois peut se faire rare et cher. Un ami p\u00e9ruvien, Jorge, nous a ouvert son atelier de menuiserie.<br \/>\n3 jours de travail auront \u00e9t\u00e9 n\u00e9cessaires pour r\u00e9aliser la \u00ab\u00a0mesa\u00a0\u00bb sous la houlette de Tio Maurice.<br \/>\nLes enfants de la Aldea ont d\u00e9sormais l\u2019opportunit\u00e9 de go\u00fbter \u00e0 un sport jusque-l\u00e0 inconnu pendant leur temps libre.<br \/>\nIl ne manque plus qu\u2019un petit atelier peinture pour lui donner un peu de couleur&#8230;<br \/>\nMerci \u00e0 tous les protagonistes du projet\u00a0!\u00a0\u00bb<\/p>\n<p>Tio Felix<\/p>\n","protected":false},"excerpt":{"rendered":"<p>\u00ab\u00a0Lorsque j ai eu confirmation de mon d\u00e9part dans l\u2019association Enfants Des Andes, je me suis organis\u00e9, arm\u00e9 d\u2019une \u00e9quipe tr\u00e8s motiv\u00e9e, pour r\u00e9colter du mat\u00e9riel sportifs et des dons pour l\u2019acheminement de la valise suppl\u00e9mentaire. Gr\u00e2ce \u00e0 la g\u00e9n\u00e9rosit\u00e9 des personnes pr\u00e9sentes lors d\u2019un tournoi amical organis\u00e9 par le Pouzauges Vend\u00e9e Handball, les dons [&hellip;]<\/p>\n","protected":false},"author":3,"featured_media":0,"comment_status":"open","ping_status":"open","sticky":false,"template":"","format":"standard","meta":{"footnotes":""},"categories":[1],"tags":[],"class_list":["post-562","post","type-post","status-publish","format-standard","hentry","category-inclassables"],"_links":{"self":[{"href":"https:\/\/www.enfantsdesandes.org\/blog\/index.php?rest_route=\/wp\/v2\/posts\/562","targetHints":{"allow":["GET"]}}],"collection":[{"href":"https:\/\/www.enfantsdesandes.org\/blog\/index.php?rest_route=\/wp\/v2\/posts"}],"about":[{"href":"https:\/\/www.enfantsdesandes.org\/blog\/index.php?rest_route=\/wp\/v2\/types\/post"}],"author":[{"embeddable":true,"href":"https:\/\/www.enfantsdesandes.org\/blog\/index.php?rest_route=\/wp\/v2\/users\/3"}],"replies":[{"embeddable":true,"href":"https:\/\/www.enfantsdesandes.org\/blog\/index.php?rest_route=%2Fwp%2Fv2%2Fcomments&post=562"}],"version-history":[{"count":1,"href":"https:\/\/www.enfantsdesandes.org\/blog\/index.php?rest_route=\/wp\/v2\/posts\/562\/revisions"}],"predecessor-version":[{"id":564,"href":"https:\/\/www.enfantsdesandes.org\/blog\/index.php?rest_route=\/wp\/v2\/posts\/562\/revisions\/564"}],"wp:attachment":[{"href":"https:\/\/www.enfantsdesandes.org\/blog\/index.php?rest_route=%2Fwp%2Fv2%2Fmedia&parent=562"}],"wp:term":[{"taxonomy":"category","embeddable":true,"href":"https:\/\/www.enfantsdesandes.org\/blog\/index.php?rest_route=%2Fwp%2Fv2%2Fcategories&post=562"},{"taxonomy":"post_tag","embeddable":true,"href":"https:\/\/www.enfantsdesandes.org\/blog\/index.php?rest_route=%2Fwp%2Fv2%2Ftags&post=562"}],"curies":[{"name":"wp","href":"https:\/\/api.w.org\/{rel}","templated":true}]}}