{"id":557,"date":"2013-12-28T17:24:08","date_gmt":"2013-12-28T15:24:08","guid":{"rendered":"https:\/\/www.enfantsdesandes.org\/blog\/?p=557"},"modified":"2013-12-28T17:25:27","modified_gmt":"2013-12-28T15:25:27","slug":"un-peruvien-a-marseille","status":"publish","type":"post","link":"https:\/\/www.enfantsdesandes.org\/blog\/?p=557","title":{"rendered":"Un P\u00e9ruvien \u00e0 Marseille"},"content":{"rendered":"<p>Jorge a \u00e9t\u00e9 accueilli au sein de l&rsquo;association Pistes Solidaires, pendant 6 mois. Il nous livre ses impressions sur Marseille !<br \/>\n<br \/>\nChronique d\u2019un s\u00e9jour \u00e0 Marseille, par Jorge Caballero Semino<br \/>\n<br \/>\n\u00ab\u00a0Le 3 mai 2013 je suis arriv\u00e9 de Lima \u00e0 Marseille apr\u00e8s 20 heures de vol, deux connexions et une fouille polici\u00e8re parce qu\u2019un P\u00e9ruvien qui venait \u00e0 Marseille avec escale \u00e0 Bogot\u00e1, \u00e7a faisait louche.<br \/>\nDans cette ville j\u2019ai appris ce que c\u2019\u00e9tait le volontariat europ\u00e9en. J\u2019ai connu d\u2019autres volontaires comme moi qui venaient de diff\u00e9rents pays comme l\u2019Allemagne, l\u2019Angleterre, le Maroc, le Liban, l\u2019Italie, la Serbie, etc. Ce qui m\u2019a ouvert \u00e0 l\u2019\u00e9change avec diff\u00e9rentes cultures.<br \/>\nPendant ces six mois j\u2019ai une exp\u00e9rience de vie tr\u00e8s significative, tr\u00e8s importante mais pas toujours facile comme devoir m\u2019habituer \u00e0 un autre rythme de vie, aux mentalit\u00e9s europ\u00e9enne, fran\u00e7aise, m\u00e9diterran\u00e9enne et marseillaise. J\u2019ai \u00e9t\u00e9 aussi surpris par le choc culturel m\u00eame si je connaissais d\u00e9j\u00e0 la langue et que j\u2019avais d\u00e9j\u00e0 beaucoup d\u2019information sur la France mais je n\u2019y avais jamais mis les pieds.<br \/>\nJ\u2019ai v\u00e9cu  diff\u00e9rentes exp\u00e9riences comme un atelier d\u2019art \u00e9cologique \u00e0 Hy\u00e8res, toutes les manifestations culturelles de Marseille Provence 2013, l\u2019Europride 2013, la F\u00eate de la Musique, les s\u00e9minaires du volontariat, mes escapades \u00e0 Paris, Montpellier, Lyon et la C\u00f4te d\u2019Azur.<br \/>\nJ\u2019ai aussi exp\u00e9riment\u00e9 de pr\u00e8s la culture italienne parce que je partageais l\u2019appartement avec mes trois colocataires italiennes et j\u2019ai appris pas mal de choses concernant leur mode de vie et leur culture et aussi je peux un peu comprendre l\u2019italien.<br \/>\nCe qui m\u2019a \u00e9tonn\u00e9 le plus de Marseille c\u2019\u00e9tait que pour une ville si loin de Lima et habit\u00e9e par des gens tr\u00e8s diff\u00e9rents, il y avait de similitudes\u00a0: la mer, le bordel dans les rues, le caract\u00e8re emport\u00e9 de ses gens, la mani\u00e8re de conduire et traverser les rues.<br \/>\nCe qui va me manquer de Marseille c\u2019est la musique arabe dans les rues et au Vieux-Port, les jours d\u2019\u00e9t\u00e9 qui durent jusqu\u2019\u00e0 10 heures du soir, le bleu de la mer parce qu\u2019\u00e0 Lima elle est vert fonc\u00e9, la libert\u00e9 d\u2019aller se pr\u00e9lasser au soleil et faire l\u2019ap\u00e9ro dans un parc puisqu\u2019\u00e0 Lima la plupart de parcs ont de gardiens qui nous demandent d\u2019aller ailleurs et de surtout pas fouler la pelouse qui est sacr\u00e9. Et l\u2019esprit de libert\u00e9 de faire ce qu\u2019on veut pour le simple plaisir de le faire.<br \/>\nDans mon trajet de retour j\u2019ai d\u00fb faire de nouveau, trois vols, deux escales, deux contr\u00f4les policiers, prendre deux taxi et une navette pour enfin rentrer chez moi sain et sauf mais avec mes valises pleines de souvenirs et ma t\u00eate pleine de nouvelles exp\u00e9riences.\u00a0\u00bb<\/p>\n<div id=\"attachment_558\" style=\"width: 310px\" class=\"wp-caption aligncenter\"><a href=\"https:\/\/www.enfantsdesandes.org\/blog\/wp-content\/uploads\/jorge.jpg\"><img loading=\"lazy\" decoding=\"async\" aria-describedby=\"caption-attachment-558\" src=\"https:\/\/www.enfantsdesandes.org\/blog\/wp-content\/uploads\/jorge-300x228.jpg\" alt=\"Jorge sur la Canebi\u00e8re !\" title=\"jorge\" width=\"300\" height=\"228\" class=\"size-medium wp-image-558\" srcset=\"https:\/\/www.enfantsdesandes.org\/blog\/wp-content\/uploads\/jorge-300x228.jpg 300w, https:\/\/www.enfantsdesandes.org\/blog\/wp-content\/uploads\/jorge-1024x781.jpg 1024w\" sizes=\"auto, (max-width: 300px) 100vw, 300px\" \/><\/a><p id=\"caption-attachment-558\" class=\"wp-caption-text\">Jorge sur la Canebi\u00e8re !<\/p><\/div>\n","protected":false},"excerpt":{"rendered":"<p>Jorge a \u00e9t\u00e9 accueilli au sein de l&rsquo;association Pistes Solidaires, pendant 6 mois. Il nous livre ses impressions sur Marseille ! Chronique d\u2019un s\u00e9jour \u00e0 Marseille, par Jorge Caballero Semino \u00ab\u00a0Le 3 mai 2013 je suis arriv\u00e9 de Lima \u00e0 Marseille apr\u00e8s 20 heures de vol, deux connexions et une fouille polici\u00e8re parce qu\u2019un P\u00e9ruvien [&hellip;]<\/p>\n","protected":false},"author":3,"featured_media":0,"comment_status":"open","ping_status":"open","sticky":false,"template":"","format":"standard","meta":{"footnotes":""},"categories":[1],"tags":[],"class_list":["post-557","post","type-post","status-publish","format-standard","hentry","category-inclassables"],"_links":{"self":[{"href":"https:\/\/www.enfantsdesandes.org\/blog\/index.php?rest_route=\/wp\/v2\/posts\/557","targetHints":{"allow":["GET"]}}],"collection":[{"href":"https:\/\/www.enfantsdesandes.org\/blog\/index.php?rest_route=\/wp\/v2\/posts"}],"about":[{"href":"https:\/\/www.enfantsdesandes.org\/blog\/index.php?rest_route=\/wp\/v2\/types\/post"}],"author":[{"embeddable":true,"href":"https:\/\/www.enfantsdesandes.org\/blog\/index.php?rest_route=\/wp\/v2\/users\/3"}],"replies":[{"embeddable":true,"href":"https:\/\/www.enfantsdesandes.org\/blog\/index.php?rest_route=%2Fwp%2Fv2%2Fcomments&post=557"}],"version-history":[{"count":3,"href":"https:\/\/www.enfantsdesandes.org\/blog\/index.php?rest_route=\/wp\/v2\/posts\/557\/revisions"}],"predecessor-version":[{"id":561,"href":"https:\/\/www.enfantsdesandes.org\/blog\/index.php?rest_route=\/wp\/v2\/posts\/557\/revisions\/561"}],"wp:attachment":[{"href":"https:\/\/www.enfantsdesandes.org\/blog\/index.php?rest_route=%2Fwp%2Fv2%2Fmedia&parent=557"}],"wp:term":[{"taxonomy":"category","embeddable":true,"href":"https:\/\/www.enfantsdesandes.org\/blog\/index.php?rest_route=%2Fwp%2Fv2%2Fcategories&post=557"},{"taxonomy":"post_tag","embeddable":true,"href":"https:\/\/www.enfantsdesandes.org\/blog\/index.php?rest_route=%2Fwp%2Fv2%2Ftags&post=557"}],"curies":[{"name":"wp","href":"https:\/\/api.w.org\/{rel}","templated":true}]}}