{"id":552,"date":"2013-12-20T17:17:54","date_gmt":"2013-12-20T15:17:54","guid":{"rendered":"https:\/\/www.enfantsdesandes.org\/blog\/?p=552"},"modified":"2013-12-20T17:19:33","modified_gmt":"2013-12-20T15:19:33","slug":"joel-ancien-filleul-de-tingo","status":"publish","type":"post","link":"https:\/\/www.enfantsdesandes.org\/blog\/?p=552","title":{"rendered":"Jo\u00ebl, ancien filleul de Tingo"},"content":{"rendered":"<p>Joel est arriv\u00e9 \u00e0 la aldea de Tingo en janvier 2002, il faisait partie des premiers. Il a passe deux ans avec nous. Puis sa grand-m\u00e8re (avec qui il vivait auparavant) a d\u00e9cid\u00e9 de le retirer pour l&rsquo;envoyer travailler. Il avait 14 ans.<\/p>\n<p>Il a travaill\u00e9 o\u00f9 il pouvait mais il a termin\u00e9 ses \u00e9tudes secondaires. Devenu adulte, il a m\u00eame travaill\u00e9 dans les mines.<br \/>\nll y a quelques mois Jo\u00ebl est repass\u00e9 \u00e0 la aldea, demandant \u00e0 Mirella mon num\u00e9ro de t\u00e9l\u00e9phone. Et voil\u00e0 qu&rsquo;un jour Jo\u00ebl m&rsquo;a appel\u00e9e, et quelques temps apr\u00e8s, il est arriv\u00e9 \u00e0 Nasca. Et il m&rsquo;a seulement dit : Madre je n&rsquo;ai pas de famille, c&rsquo;est toi ma famille, si tu veux je pourrais rester ici et t&rsquo;aider dans la aldea, parce que maintenant je peux aussi aider les enfants de la aldea.<\/p>\n<p>Quelle \u00e9motion !<br \/>\nEt puis un jour aussi, un mot lui a \u00e9chapp\u00e9 : maman !<\/p>\n<p>Aujourd&rsquo;hui il a demand\u00e9 cette photo, pour que sa marraine voie qu&rsquo;il a grandi, qu&rsquo;il est un homme maintenant et qu&rsquo;il est tr\u00e8s reconnaissant.<\/p>\n<p>Jo\u00ebl aura 23 ans demain.<\/p>\n<p>Marie-Th\u00e9r\u00e8se Martinez, le 19 d\u00e9cembre 2013<\/p>\n<div id=\"attachment_555\" style=\"width: 160px\" class=\"wp-caption aligncenter\"><a href=\"https:\/\/www.enfantsdesandes.org\/blog\/wp-content\/uploads\/joel1.jpg\"><img loading=\"lazy\" decoding=\"async\" aria-describedby=\"caption-attachment-555\" src=\"https:\/\/www.enfantsdesandes.org\/blog\/wp-content\/uploads\/joel1-150x150.jpg\" alt=\"Jo\u00ebl \u00e0 Nasca en d\u00e9cembre\" title=\"joel1\" width=\"150\" height=\"150\" class=\"size-thumbnail wp-image-555\" \/><\/a><p id=\"caption-attachment-555\" class=\"wp-caption-text\">Jo\u00ebl \u00e0 Nasca en d\u00e9cembre<\/p><\/div>\n","protected":false},"excerpt":{"rendered":"<p>Joel est arriv\u00e9 \u00e0 la aldea de Tingo en janvier 2002, il faisait partie des premiers. Il a passe deux ans avec nous. Puis sa grand-m\u00e8re (avec qui il vivait auparavant) a d\u00e9cid\u00e9 de le retirer pour l&rsquo;envoyer travailler. Il avait 14 ans. Il a travaill\u00e9 o\u00f9 il pouvait mais il a termin\u00e9 ses \u00e9tudes [&hellip;]<\/p>\n","protected":false},"author":3,"featured_media":0,"comment_status":"open","ping_status":"open","sticky":false,"template":"","format":"standard","meta":{"footnotes":""},"categories":[1],"tags":[],"class_list":["post-552","post","type-post","status-publish","format-standard","hentry","category-inclassables"],"_links":{"self":[{"href":"https:\/\/www.enfantsdesandes.org\/blog\/index.php?rest_route=\/wp\/v2\/posts\/552","targetHints":{"allow":["GET"]}}],"collection":[{"href":"https:\/\/www.enfantsdesandes.org\/blog\/index.php?rest_route=\/wp\/v2\/posts"}],"about":[{"href":"https:\/\/www.enfantsdesandes.org\/blog\/index.php?rest_route=\/wp\/v2\/types\/post"}],"author":[{"embeddable":true,"href":"https:\/\/www.enfantsdesandes.org\/blog\/index.php?rest_route=\/wp\/v2\/users\/3"}],"replies":[{"embeddable":true,"href":"https:\/\/www.enfantsdesandes.org\/blog\/index.php?rest_route=%2Fwp%2Fv2%2Fcomments&post=552"}],"version-history":[{"count":2,"href":"https:\/\/www.enfantsdesandes.org\/blog\/index.php?rest_route=\/wp\/v2\/posts\/552\/revisions"}],"predecessor-version":[{"id":556,"href":"https:\/\/www.enfantsdesandes.org\/blog\/index.php?rest_route=\/wp\/v2\/posts\/552\/revisions\/556"}],"wp:attachment":[{"href":"https:\/\/www.enfantsdesandes.org\/blog\/index.php?rest_route=%2Fwp%2Fv2%2Fmedia&parent=552"}],"wp:term":[{"taxonomy":"category","embeddable":true,"href":"https:\/\/www.enfantsdesandes.org\/blog\/index.php?rest_route=%2Fwp%2Fv2%2Fcategories&post=552"},{"taxonomy":"post_tag","embeddable":true,"href":"https:\/\/www.enfantsdesandes.org\/blog\/index.php?rest_route=%2Fwp%2Fv2%2Ftags&post=552"}],"curies":[{"name":"wp","href":"https:\/\/api.w.org\/{rel}","templated":true}]}}