{"id":549,"date":"2013-11-21T15:55:09","date_gmt":"2013-11-21T13:55:09","guid":{"rendered":"https:\/\/www.enfantsdesandes.org\/blog\/?p=549"},"modified":"2013-11-21T15:55:09","modified_gmt":"2013-11-21T13:55:09","slug":"la-cueillette-du-cacao-par-louise","status":"publish","type":"post","link":"https:\/\/www.enfantsdesandes.org\/blog\/?p=549","title":{"rendered":"La cueillette du Cacao, par Louise"},"content":{"rendered":"<p>Chaque matin, pendant deux heures, les volontaires vont \u00e0 la chacra pendant que les enfants sont \u00e0 l&rsquo;\u00e9cole. En ce moment, c&rsquo;est le cacao qui nous occupe la plus grande partie du temps. <\/p>\n<p>D&rsquo;abord, nous avons d\u00fb retirer les \u00ab\u00a0escobas de bruja\u00a0\u00bb, une maladie qui prend la forme d&rsquo;une branche, se greffe sur le cacaotier, et lui pompe toute son \u00e9nergie. <\/p>\n<p>Pour cette mission, trois qualit\u00e9s sont exig\u00e9es : \u00e9quilibre (il ne s&rsquo;agirait pas de tomber de l&rsquo;\u00e9chelle), discernement (\u00e9vitons d&rsquo;arracher les branches saines) et sang froid (certains pourraient \u00eatre choqu\u00e9s devant un ou une volontaire courant \u00e0 demi nu dans la chacra pour retirer toutes les fourmis qui viennent se glisser dans le t-shirt, le pantalon, les bottes\u2026).<\/p>\n<p>Et depuis une semaine, c est la r\u00e9colte ! Arm\u00e9s d&rsquo;une machette, on progresse vaillament entre les lignes de cacao, le regard aff\u00fbt\u00e9. Notre cible ? Les gousses oranges ou rouges vif, qu&rsquo;on cueille puis qu&rsquo;on tranche pour en retirer les graines. <\/p>\n<p>Tout \u00e7a sous le soleil, accompagn\u00e9s par un, deux, trois chiens, cinq poules et trois canards&#8230;. Elle est pas belle la vie ?<div id=\"attachment_550\" style=\"width: 160px\" class=\"wp-caption aligncenter\"><a href=\"https:\/\/www.enfantsdesandes.org\/blog\/wp-content\/uploads\/louise.jpg\"><img loading=\"lazy\" decoding=\"async\" aria-describedby=\"caption-attachment-550\" src=\"https:\/\/www.enfantsdesandes.org\/blog\/wp-content\/uploads\/louise-150x150.jpg\" alt=\"Louise, volontaire \u00e0 Tingo\" title=\"louise\" width=\"150\" height=\"150\" class=\"size-thumbnail wp-image-550\" \/><\/a><p id=\"caption-attachment-550\" class=\"wp-caption-text\">Louise, volontaire \u00e0 Tingo<\/p><\/div><\/p>\n","protected":false},"excerpt":{"rendered":"<p>Chaque matin, pendant deux heures, les volontaires vont \u00e0 la chacra pendant que les enfants sont \u00e0 l&rsquo;\u00e9cole. En ce moment, c&rsquo;est le cacao qui nous occupe la plus grande partie du temps. D&rsquo;abord, nous avons d\u00fb retirer les \u00ab\u00a0escobas de bruja\u00a0\u00bb, une maladie qui prend la forme d&rsquo;une branche, se greffe sur le cacaotier, [&hellip;]<\/p>\n","protected":false},"author":3,"featured_media":0,"comment_status":"open","ping_status":"open","sticky":false,"template":"","format":"standard","meta":{"footnotes":""},"categories":[1],"tags":[],"class_list":["post-549","post","type-post","status-publish","format-standard","hentry","category-inclassables"],"_links":{"self":[{"href":"https:\/\/www.enfantsdesandes.org\/blog\/index.php?rest_route=\/wp\/v2\/posts\/549","targetHints":{"allow":["GET"]}}],"collection":[{"href":"https:\/\/www.enfantsdesandes.org\/blog\/index.php?rest_route=\/wp\/v2\/posts"}],"about":[{"href":"https:\/\/www.enfantsdesandes.org\/blog\/index.php?rest_route=\/wp\/v2\/types\/post"}],"author":[{"embeddable":true,"href":"https:\/\/www.enfantsdesandes.org\/blog\/index.php?rest_route=\/wp\/v2\/users\/3"}],"replies":[{"embeddable":true,"href":"https:\/\/www.enfantsdesandes.org\/blog\/index.php?rest_route=%2Fwp%2Fv2%2Fcomments&post=549"}],"version-history":[{"count":1,"href":"https:\/\/www.enfantsdesandes.org\/blog\/index.php?rest_route=\/wp\/v2\/posts\/549\/revisions"}],"predecessor-version":[{"id":551,"href":"https:\/\/www.enfantsdesandes.org\/blog\/index.php?rest_route=\/wp\/v2\/posts\/549\/revisions\/551"}],"wp:attachment":[{"href":"https:\/\/www.enfantsdesandes.org\/blog\/index.php?rest_route=%2Fwp%2Fv2%2Fmedia&parent=549"}],"wp:term":[{"taxonomy":"category","embeddable":true,"href":"https:\/\/www.enfantsdesandes.org\/blog\/index.php?rest_route=%2Fwp%2Fv2%2Fcategories&post=549"},{"taxonomy":"post_tag","embeddable":true,"href":"https:\/\/www.enfantsdesandes.org\/blog\/index.php?rest_route=%2Fwp%2Fv2%2Ftags&post=549"}],"curies":[{"name":"wp","href":"https:\/\/api.w.org\/{rel}","templated":true}]}}