{"id":547,"date":"2013-11-16T17:19:18","date_gmt":"2013-11-16T15:19:18","guid":{"rendered":"https:\/\/www.enfantsdesandes.org\/blog\/?p=547"},"modified":"2013-11-16T17:19:18","modified_gmt":"2013-11-16T15:19:18","slug":"le-feu-a-nasca","status":"publish","type":"post","link":"https:\/\/www.enfantsdesandes.org\/blog\/?p=547","title":{"rendered":"Le feu \u00e0 Nasca"},"content":{"rendered":"<p>Ca n&rsquo;\u00e9tait jamais arriv\u00e9 \u00e0 la Aldea, une maison a br\u00fbl\u00e9 le 12 novembre, la \u00ab\u00a0casa verde\u00a0\u00bb des gar\u00e7ons.<\/p>\n<p>Ca s&rsquo;est passe \u00e0 midi, les enfants etaient donc \u00e0 l&rsquo;\u00e9cole. Il y a eu un grand tourbillon, une \u00e9tincelle a pu mettre le feu au toit. C&rsquo;est all\u00e9 tr\u00e8s vite, les professeurs de l&rsquo;\u00e9cole, les voisins, les grands de l&rsquo;ecole, tout le monde a particip\u00e9. Le p\u00e8re d&rsquo;un des enfants de l&rsquo;\u00e9cole est venu avec son camion d&rsquo;eau\u2026 Mais toute la chambre a br\u00fbl\u00e9, fum\u00e9e noire, explosion des vitres&#8230; <\/p>\n<p>L&rsquo;apr\u00e8s-midi nous avons pr\u00e9par\u00e9 une autre maison r\u00e9unissant les plus petits, nous avons cherch\u00e9 des v\u00eatements \u00e0 peu pr\u00e8s corrects dans nos r\u00e9serves, et nous attendons que tout s\u00e8che, pour reconstruire. <\/p>\n<p>Le toit de la casa verde sera reconstruit en \u00ab\u00a0dur\u00a0\u00bb tr\u00e8s bient\u00f4t.<\/p>\n","protected":false},"excerpt":{"rendered":"<p>Ca n&rsquo;\u00e9tait jamais arriv\u00e9 \u00e0 la Aldea, une maison a br\u00fbl\u00e9 le 12 novembre, la \u00ab\u00a0casa verde\u00a0\u00bb des gar\u00e7ons. Ca s&rsquo;est passe \u00e0 midi, les enfants etaient donc \u00e0 l&rsquo;\u00e9cole. Il y a eu un grand tourbillon, une \u00e9tincelle a pu mettre le feu au toit. C&rsquo;est all\u00e9 tr\u00e8s vite, les professeurs de l&rsquo;\u00e9cole, les [&hellip;]<\/p>\n","protected":false},"author":3,"featured_media":0,"comment_status":"open","ping_status":"open","sticky":false,"template":"","format":"standard","meta":{"footnotes":""},"categories":[1],"tags":[],"class_list":["post-547","post","type-post","status-publish","format-standard","hentry","category-inclassables"],"_links":{"self":[{"href":"https:\/\/www.enfantsdesandes.org\/blog\/index.php?rest_route=\/wp\/v2\/posts\/547","targetHints":{"allow":["GET"]}}],"collection":[{"href":"https:\/\/www.enfantsdesandes.org\/blog\/index.php?rest_route=\/wp\/v2\/posts"}],"about":[{"href":"https:\/\/www.enfantsdesandes.org\/blog\/index.php?rest_route=\/wp\/v2\/types\/post"}],"author":[{"embeddable":true,"href":"https:\/\/www.enfantsdesandes.org\/blog\/index.php?rest_route=\/wp\/v2\/users\/3"}],"replies":[{"embeddable":true,"href":"https:\/\/www.enfantsdesandes.org\/blog\/index.php?rest_route=%2Fwp%2Fv2%2Fcomments&post=547"}],"version-history":[{"count":1,"href":"https:\/\/www.enfantsdesandes.org\/blog\/index.php?rest_route=\/wp\/v2\/posts\/547\/revisions"}],"predecessor-version":[{"id":548,"href":"https:\/\/www.enfantsdesandes.org\/blog\/index.php?rest_route=\/wp\/v2\/posts\/547\/revisions\/548"}],"wp:attachment":[{"href":"https:\/\/www.enfantsdesandes.org\/blog\/index.php?rest_route=%2Fwp%2Fv2%2Fmedia&parent=547"}],"wp:term":[{"taxonomy":"category","embeddable":true,"href":"https:\/\/www.enfantsdesandes.org\/blog\/index.php?rest_route=%2Fwp%2Fv2%2Fcategories&post=547"},{"taxonomy":"post_tag","embeddable":true,"href":"https:\/\/www.enfantsdesandes.org\/blog\/index.php?rest_route=%2Fwp%2Fv2%2Ftags&post=547"}],"curies":[{"name":"wp","href":"https:\/\/api.w.org\/{rel}","templated":true}]}}