{"id":537,"date":"2013-10-28T15:06:08","date_gmt":"2013-10-28T13:06:08","guid":{"rendered":"https:\/\/www.enfantsdesandes.org\/blog\/?p=537"},"modified":"2013-10-28T15:06:08","modified_gmt":"2013-10-28T13:06:08","slug":"le-blog-de-mael","status":"publish","type":"post","link":"https:\/\/www.enfantsdesandes.org\/blog\/?p=537","title":{"rendered":"Le blog de Ma\u00ebl"},"content":{"rendered":"<div id=\"attachment_538\" style=\"width: 160px\" class=\"wp-caption aligncenter\"><a href=\"https:\/\/www.enfantsdesandes.org\/blog\/wp-content\/uploads\/vista-alegre.jpg\"><img loading=\"lazy\" decoding=\"async\" aria-describedby=\"caption-attachment-538\" src=\"https:\/\/www.enfantsdesandes.org\/blog\/wp-content\/uploads\/vista-alegre-150x150.jpg\" alt=\"Vista Alegre\" title=\"vista-alegre\" width=\"150\" height=\"150\" class=\"size-thumbnail wp-image-538\" \/><\/a><p id=\"caption-attachment-538\" class=\"wp-caption-text\">Vista Alegre<\/p><\/div>\n<p>(Re) d\u00e9couvrez la vie \u00e0 Nasca !!!<\/p>\n<p>Visitez le blog de Ma\u00ebl, en Service Civique \u00e0 Nasca depuis cet \u00e9t\u00e9 : http:\/\/malouworldwide.canalblog.com<\/p>\n","protected":false},"excerpt":{"rendered":"<p>(Re) d\u00e9couvrez la vie \u00e0 Nasca !!! Visitez le blog de Ma\u00ebl, en Service Civique \u00e0 Nasca depuis cet \u00e9t\u00e9 : http:\/\/malouworldwide.canalblog.com<\/p>\n","protected":false},"author":3,"featured_media":0,"comment_status":"open","ping_status":"open","sticky":false,"template":"","format":"standard","meta":{"footnotes":""},"categories":[1],"tags":[],"class_list":["post-537","post","type-post","status-publish","format-standard","hentry","category-inclassables"],"_links":{"self":[{"href":"https:\/\/www.enfantsdesandes.org\/blog\/index.php?rest_route=\/wp\/v2\/posts\/537","targetHints":{"allow":["GET"]}}],"collection":[{"href":"https:\/\/www.enfantsdesandes.org\/blog\/index.php?rest_route=\/wp\/v2\/posts"}],"about":[{"href":"https:\/\/www.enfantsdesandes.org\/blog\/index.php?rest_route=\/wp\/v2\/types\/post"}],"author":[{"embeddable":true,"href":"https:\/\/www.enfantsdesandes.org\/blog\/index.php?rest_route=\/wp\/v2\/users\/3"}],"replies":[{"embeddable":true,"href":"https:\/\/www.enfantsdesandes.org\/blog\/index.php?rest_route=%2Fwp%2Fv2%2Fcomments&post=537"}],"version-history":[{"count":1,"href":"https:\/\/www.enfantsdesandes.org\/blog\/index.php?rest_route=\/wp\/v2\/posts\/537\/revisions"}],"predecessor-version":[{"id":539,"href":"https:\/\/www.enfantsdesandes.org\/blog\/index.php?rest_route=\/wp\/v2\/posts\/537\/revisions\/539"}],"wp:attachment":[{"href":"https:\/\/www.enfantsdesandes.org\/blog\/index.php?rest_route=%2Fwp%2Fv2%2Fmedia&parent=537"}],"wp:term":[{"taxonomy":"category","embeddable":true,"href":"https:\/\/www.enfantsdesandes.org\/blog\/index.php?rest_route=%2Fwp%2Fv2%2Fcategories&post=537"},{"taxonomy":"post_tag","embeddable":true,"href":"https:\/\/www.enfantsdesandes.org\/blog\/index.php?rest_route=%2Fwp%2Fv2%2Ftags&post=537"}],"curies":[{"name":"wp","href":"https:\/\/api.w.org\/{rel}","templated":true}]}}