{"id":534,"date":"2013-09-26T14:35:04","date_gmt":"2013-09-26T12:35:04","guid":{"rendered":"https:\/\/www.enfantsdesandes.org\/blog\/?p=534"},"modified":"2013-09-26T14:35:04","modified_gmt":"2013-09-26T12:35:04","slug":"seisme-a-nasca","status":"publish","type":"post","link":"https:\/\/www.enfantsdesandes.org\/blog\/?p=534","title":{"rendered":"S\u00e9isme \u00e0 Nasca&#8230;"},"content":{"rendered":"<p>Mercredi 25 septembre a eu lieu dans le sud du P\u00e9rou un s\u00e9isme de magnitude 6,9. A Nasca il n&rsquo;a \u00e9t\u00e9 que de 6,5 mais une partie du mur d&rsquo;enceinte est tomb\u00e9e&#8230;<\/p>\n<p>Plus de peur que de mal, pas de bless\u00e9 \u00e0 Nasca.<\/p>\n<div id=\"attachment_535\" style=\"width: 160px\" class=\"wp-caption aligncenter\"><a href=\"https:\/\/www.enfantsdesandes.org\/blog\/wp-content\/uploads\/100_43431.jpg\"><img loading=\"lazy\" decoding=\"async\" aria-describedby=\"caption-attachment-535\" src=\"https:\/\/www.enfantsdesandes.org\/blog\/wp-content\/uploads\/100_43431-150x150.jpg\" alt=\"Le mur d&#039;enceinte\" title=\"100_43431\" width=\"150\" height=\"150\" class=\"size-thumbnail wp-image-535\" \/><\/a><p id=\"caption-attachment-535\" class=\"wp-caption-text\">Le mur d'enceinte<\/p><\/div>\n","protected":false},"excerpt":{"rendered":"<p>Mercredi 25 septembre a eu lieu dans le sud du P\u00e9rou un s\u00e9isme de magnitude 6,9. A Nasca il n&rsquo;a \u00e9t\u00e9 que de 6,5 mais une partie du mur d&rsquo;enceinte est tomb\u00e9e&#8230; Plus de peur que de mal, pas de bless\u00e9 \u00e0 Nasca.<\/p>\n","protected":false},"author":3,"featured_media":0,"comment_status":"open","ping_status":"open","sticky":false,"template":"","format":"standard","meta":{"footnotes":""},"categories":[1],"tags":[],"class_list":["post-534","post","type-post","status-publish","format-standard","hentry","category-inclassables"],"_links":{"self":[{"href":"https:\/\/www.enfantsdesandes.org\/blog\/index.php?rest_route=\/wp\/v2\/posts\/534","targetHints":{"allow":["GET"]}}],"collection":[{"href":"https:\/\/www.enfantsdesandes.org\/blog\/index.php?rest_route=\/wp\/v2\/posts"}],"about":[{"href":"https:\/\/www.enfantsdesandes.org\/blog\/index.php?rest_route=\/wp\/v2\/types\/post"}],"author":[{"embeddable":true,"href":"https:\/\/www.enfantsdesandes.org\/blog\/index.php?rest_route=\/wp\/v2\/users\/3"}],"replies":[{"embeddable":true,"href":"https:\/\/www.enfantsdesandes.org\/blog\/index.php?rest_route=%2Fwp%2Fv2%2Fcomments&post=534"}],"version-history":[{"count":1,"href":"https:\/\/www.enfantsdesandes.org\/blog\/index.php?rest_route=\/wp\/v2\/posts\/534\/revisions"}],"predecessor-version":[{"id":536,"href":"https:\/\/www.enfantsdesandes.org\/blog\/index.php?rest_route=\/wp\/v2\/posts\/534\/revisions\/536"}],"wp:attachment":[{"href":"https:\/\/www.enfantsdesandes.org\/blog\/index.php?rest_route=%2Fwp%2Fv2%2Fmedia&parent=534"}],"wp:term":[{"taxonomy":"category","embeddable":true,"href":"https:\/\/www.enfantsdesandes.org\/blog\/index.php?rest_route=%2Fwp%2Fv2%2Fcategories&post=534"},{"taxonomy":"post_tag","embeddable":true,"href":"https:\/\/www.enfantsdesandes.org\/blog\/index.php?rest_route=%2Fwp%2Fv2%2Ftags&post=534"}],"curies":[{"name":"wp","href":"https:\/\/api.w.org\/{rel}","templated":true}]}}