{"id":531,"date":"2013-09-23T09:09:59","date_gmt":"2013-09-23T07:09:59","guid":{"rendered":"https:\/\/www.enfantsdesandes.org\/blog\/?p=531"},"modified":"2013-09-23T09:10:07","modified_gmt":"2013-09-23T07:10:07","slug":"le-defile-des-enfants-de-lecole-a-nasca","status":"publish","type":"post","link":"https:\/\/www.enfantsdesandes.org\/blog\/?p=531","title":{"rendered":"Le d\u00e9fil\u00e9 des enfants de l&rsquo;\u00e9cole \u00e0 Nasca"},"content":{"rendered":"<p>Les enfants, leurs professeurs et les volontaires de Nasca lors du traditionnel d\u00e9fil\u00e9 sur la place de Vista Alegre !<\/p>\n<p><a href=\"http:\/\/www.youtube.com\/watch?v=LSIQjCiB-eY&#038;feature=youtu.be\">CLIQUEZ ICI<\/a><\/p>\n","protected":false},"excerpt":{"rendered":"<p>Les enfants, leurs professeurs et les volontaires de Nasca lors du traditionnel d\u00e9fil\u00e9 sur la place de Vista Alegre ! CLIQUEZ ICI<\/p>\n","protected":false},"author":3,"featured_media":0,"comment_status":"open","ping_status":"open","sticky":false,"template":"","format":"standard","meta":{"footnotes":""},"categories":[1],"tags":[],"class_list":["post-531","post","type-post","status-publish","format-standard","hentry","category-inclassables"],"_links":{"self":[{"href":"https:\/\/www.enfantsdesandes.org\/blog\/index.php?rest_route=\/wp\/v2\/posts\/531","targetHints":{"allow":["GET"]}}],"collection":[{"href":"https:\/\/www.enfantsdesandes.org\/blog\/index.php?rest_route=\/wp\/v2\/posts"}],"about":[{"href":"https:\/\/www.enfantsdesandes.org\/blog\/index.php?rest_route=\/wp\/v2\/types\/post"}],"author":[{"embeddable":true,"href":"https:\/\/www.enfantsdesandes.org\/blog\/index.php?rest_route=\/wp\/v2\/users\/3"}],"replies":[{"embeddable":true,"href":"https:\/\/www.enfantsdesandes.org\/blog\/index.php?rest_route=%2Fwp%2Fv2%2Fcomments&post=531"}],"version-history":[{"count":2,"href":"https:\/\/www.enfantsdesandes.org\/blog\/index.php?rest_route=\/wp\/v2\/posts\/531\/revisions"}],"predecessor-version":[{"id":533,"href":"https:\/\/www.enfantsdesandes.org\/blog\/index.php?rest_route=\/wp\/v2\/posts\/531\/revisions\/533"}],"wp:attachment":[{"href":"https:\/\/www.enfantsdesandes.org\/blog\/index.php?rest_route=%2Fwp%2Fv2%2Fmedia&parent=531"}],"wp:term":[{"taxonomy":"category","embeddable":true,"href":"https:\/\/www.enfantsdesandes.org\/blog\/index.php?rest_route=%2Fwp%2Fv2%2Fcategories&post=531"},{"taxonomy":"post_tag","embeddable":true,"href":"https:\/\/www.enfantsdesandes.org\/blog\/index.php?rest_route=%2Fwp%2Fv2%2Ftags&post=531"}],"curies":[{"name":"wp","href":"https:\/\/api.w.org\/{rel}","templated":true}]}}