{"id":529,"date":"2013-09-11T09:39:59","date_gmt":"2013-09-11T07:39:59","guid":{"rendered":"https:\/\/www.enfantsdesandes.org\/blog\/?p=529"},"modified":"2013-09-11T09:39:59","modified_gmt":"2013-09-11T07:39:59","slug":"info-tingo","status":"publish","type":"post","link":"https:\/\/www.enfantsdesandes.org\/blog\/?p=529","title":{"rendered":"Info Tingo&#8230;"},"content":{"rendered":"<p>Apr\u00e8s la visite du Maire de Tingo \u00e0 la Aldea, nous avons mis en place avec la Mairie une formation pour nos cuisini\u00e8res : conservation des aliments, transport et stockage.<\/p>\n","protected":false},"excerpt":{"rendered":"<p>Apr\u00e8s la visite du Maire de Tingo \u00e0 la Aldea, nous avons mis en place avec la Mairie une formation pour nos cuisini\u00e8res : conservation des aliments, transport et stockage.<\/p>\n","protected":false},"author":3,"featured_media":0,"comment_status":"open","ping_status":"open","sticky":false,"template":"","format":"standard","meta":{"footnotes":""},"categories":[1],"tags":[],"class_list":["post-529","post","type-post","status-publish","format-standard","hentry","category-inclassables"],"_links":{"self":[{"href":"https:\/\/www.enfantsdesandes.org\/blog\/index.php?rest_route=\/wp\/v2\/posts\/529","targetHints":{"allow":["GET"]}}],"collection":[{"href":"https:\/\/www.enfantsdesandes.org\/blog\/index.php?rest_route=\/wp\/v2\/posts"}],"about":[{"href":"https:\/\/www.enfantsdesandes.org\/blog\/index.php?rest_route=\/wp\/v2\/types\/post"}],"author":[{"embeddable":true,"href":"https:\/\/www.enfantsdesandes.org\/blog\/index.php?rest_route=\/wp\/v2\/users\/3"}],"replies":[{"embeddable":true,"href":"https:\/\/www.enfantsdesandes.org\/blog\/index.php?rest_route=%2Fwp%2Fv2%2Fcomments&post=529"}],"version-history":[{"count":1,"href":"https:\/\/www.enfantsdesandes.org\/blog\/index.php?rest_route=\/wp\/v2\/posts\/529\/revisions"}],"predecessor-version":[{"id":530,"href":"https:\/\/www.enfantsdesandes.org\/blog\/index.php?rest_route=\/wp\/v2\/posts\/529\/revisions\/530"}],"wp:attachment":[{"href":"https:\/\/www.enfantsdesandes.org\/blog\/index.php?rest_route=%2Fwp%2Fv2%2Fmedia&parent=529"}],"wp:term":[{"taxonomy":"category","embeddable":true,"href":"https:\/\/www.enfantsdesandes.org\/blog\/index.php?rest_route=%2Fwp%2Fv2%2Fcategories&post=529"},{"taxonomy":"post_tag","embeddable":true,"href":"https:\/\/www.enfantsdesandes.org\/blog\/index.php?rest_route=%2Fwp%2Fv2%2Ftags&post=529"}],"curies":[{"name":"wp","href":"https:\/\/api.w.org\/{rel}","templated":true}]}}