{"id":509,"date":"2013-08-19T09:00:44","date_gmt":"2013-08-19T07:00:44","guid":{"rendered":"https:\/\/www.enfantsdesandes.org\/blog\/?p=509"},"modified":"2013-08-19T09:05:23","modified_gmt":"2013-08-19T07:05:23","slug":"la-grippe-a-h1n1-a-nasca","status":"publish","type":"post","link":"https:\/\/www.enfantsdesandes.org\/blog\/?p=509","title":{"rendered":"La grippe A-H1N1 \u00e0 Nasca"},"content":{"rendered":"<p>Il ne pleut pas \u00e0 Lima, pas cette pluie que nous connaissons en France ; ce sont des micro gouttes sous un ciel toute la journ\u00e9e gris et nuageux. Le soleil n\u2019apparait pas pendant des semaines et l\u2019humidite nous traverse et, m\u00eame si le thermom\u00e8tre affiche 12 degr\u00e9s, il pleut toute la journ\u00e9e, toute la nuit, sans r\u00e9pit. On met des v\u00eatements humides le matin, on attend plusieurs jours que le linge s\u00e8che, on marche sans voir \u00e0 trois m\u00e8tres, on a les cheveux et les vestes constamment mouill\u00e9s.<br \/>\n<\/p>\n<p>C\u2019est ce temps l\u00e0, propice aux bronchites, qui fait revivre les tuberculoses mal soign\u00e9es, et c\u2019est ausssi, en ce moment, le virus de la grippe A-H1N1.<br \/>\n<\/p>\n<p>Ce sont maintenant 66 morts, et le probl\u00e8me est qu\u2019il n\u2019y a pas suffisamment de vaccins. Le gouvernement vient d\u2019acheter 500 000 vaccins, mais, \u00e0 l\u2019arriv\u00e9e ils sont d\u00e9j\u00e0 vendus a des \u201cprivil\u00e9gi\u00e9s\u201d.<br \/>\n<\/p>\n<p>Dans le d\u00e9partement de Ica, o\u00f9 nous vivons, on a enregistr\u00e9 75 cas, et 5 morts.<br \/>\n<\/p>\n<p>Pour ces raisons, pour prot\u00e9ger les enfants, le gouvernement a d\u00e9cid\u00e9 de repousser la rentr\u00e9e scolaire au 19 ao\u00fbt, au lieu du 12. Mais les h\u00f4pitaux enregistrent de nouveaux cas, et hier, la nouvelle est tomb\u00e9e : les enfants ne rentreront pas \u00e0 l\u2019ecole avant le 2 septembre.<br \/>\n<\/p>\n<p>Hier nous sommes all\u00e9s voir les familles de nos enfants du village pour enfants et les familles des enfants parrain\u00e9s par La Chaine de l\u2019Espoir. Ils vivent dans des conditions pr\u00e9caires et, si nous avons un beau soleil durant la journ\u00e9e, les nuits sont froides et les enfants dorment avec leurs parents pour ne pas avoir froid. Autant de possibilit\u00e9s de contagion. Nous y sommes all\u00e9s pour rappeler les conditions de securit\u00e9 : se laver souvent les mains (facile \u00e0 dire quand il n\u2019y a pas d\u2019eau, quand on ach\u00e8te juste ce dont on a besoin) , se tourner pour \u00e9ternuer, se moucher avec du papier et le jeter imm\u00e9diatement, et aller a l\u2019h\u00f4pital en cas de fi\u00e8vre, douleurs, vomissements.<br \/>\n<\/p>\n<p>De mauvais moments \u00e0 passer, en attendant l\u2019\u00e9t\u00e9, qui nettoiera notre air de tous les virus.<\/p>\n","protected":false},"excerpt":{"rendered":"<p>Il ne pleut pas \u00e0 Lima, pas cette pluie que nous connaissons en France ; ce sont des micro gouttes sous un ciel toute la journ\u00e9e gris et nuageux. Le soleil n\u2019apparait pas pendant des semaines et l\u2019humidite nous traverse et, m\u00eame si le thermom\u00e8tre affiche 12 degr\u00e9s, il pleut toute la journ\u00e9e, toute la [&hellip;]<\/p>\n","protected":false},"author":3,"featured_media":0,"comment_status":"open","ping_status":"open","sticky":false,"template":"","format":"standard","meta":{"footnotes":""},"categories":[1],"tags":[],"class_list":["post-509","post","type-post","status-publish","format-standard","hentry","category-inclassables"],"_links":{"self":[{"href":"https:\/\/www.enfantsdesandes.org\/blog\/index.php?rest_route=\/wp\/v2\/posts\/509","targetHints":{"allow":["GET"]}}],"collection":[{"href":"https:\/\/www.enfantsdesandes.org\/blog\/index.php?rest_route=\/wp\/v2\/posts"}],"about":[{"href":"https:\/\/www.enfantsdesandes.org\/blog\/index.php?rest_route=\/wp\/v2\/types\/post"}],"author":[{"embeddable":true,"href":"https:\/\/www.enfantsdesandes.org\/blog\/index.php?rest_route=\/wp\/v2\/users\/3"}],"replies":[{"embeddable":true,"href":"https:\/\/www.enfantsdesandes.org\/blog\/index.php?rest_route=%2Fwp%2Fv2%2Fcomments&post=509"}],"version-history":[{"count":6,"href":"https:\/\/www.enfantsdesandes.org\/blog\/index.php?rest_route=\/wp\/v2\/posts\/509\/revisions"}],"predecessor-version":[{"id":514,"href":"https:\/\/www.enfantsdesandes.org\/blog\/index.php?rest_route=\/wp\/v2\/posts\/509\/revisions\/514"}],"wp:attachment":[{"href":"https:\/\/www.enfantsdesandes.org\/blog\/index.php?rest_route=%2Fwp%2Fv2%2Fmedia&parent=509"}],"wp:term":[{"taxonomy":"category","embeddable":true,"href":"https:\/\/www.enfantsdesandes.org\/blog\/index.php?rest_route=%2Fwp%2Fv2%2Fcategories&post=509"},{"taxonomy":"post_tag","embeddable":true,"href":"https:\/\/www.enfantsdesandes.org\/blog\/index.php?rest_route=%2Fwp%2Fv2%2Ftags&post=509"}],"curies":[{"name":"wp","href":"https:\/\/api.w.org\/{rel}","templated":true}]}}