{"id":506,"date":"2013-06-28T17:30:50","date_gmt":"2013-06-28T15:30:50","guid":{"rendered":"https:\/\/www.enfantsdesandes.org\/blog\/?p=506"},"modified":"2013-06-28T17:30:50","modified_gmt":"2013-06-28T15:30:50","slug":"eda-laureate-des-trophees-edf-2013","status":"publish","type":"post","link":"https:\/\/www.enfantsdesandes.org\/blog\/?p=506","title":{"rendered":"EDA laur\u00e9ate des Troph\u00e9es EDF 2013 !!!"},"content":{"rendered":"<p>Enfants des Andes laur\u00e9ate des Troph\u00e9es de la Fondation EDF !!!<\/p>\n<p>Dans la cat\u00e9gorie \u00ab\u00a0Solidarit\u00e9\u00a0\u00bb, EDA a obtenu le COUP DE CHAPEAU, 2\u00e8me prix sur 273 associations participantes !<\/p>\n<p><a href=\"http:\/\/tropheesfondation.edf.com\/associations_participantes\/recherche-association-laureates.php\">PLUS D&rsquo;INFOS<\/a><\/p>\n<p><a href=\"https:\/\/www.enfantsdesandes.org\/blog\/wp-content\/uploads\/trophees-edf.jpg\"><img loading=\"lazy\" decoding=\"async\" src=\"https:\/\/www.enfantsdesandes.org\/blog\/wp-content\/uploads\/trophees-edf-300x184.jpg\" alt=\"trophees-edf\" title=\"trophees-edf\" width=\"300\" height=\"184\" class=\"aligncenter size-medium wp-image-507\" srcset=\"https:\/\/www.enfantsdesandes.org\/blog\/wp-content\/uploads\/trophees-edf-300x184.jpg 300w, https:\/\/www.enfantsdesandes.org\/blog\/wp-content\/uploads\/trophees-edf.jpg 421w\" sizes=\"auto, (max-width: 300px) 100vw, 300px\" \/><\/a><\/p>\n","protected":false},"excerpt":{"rendered":"<p>Enfants des Andes laur\u00e9ate des Troph\u00e9es de la Fondation EDF !!! Dans la cat\u00e9gorie \u00ab\u00a0Solidarit\u00e9\u00a0\u00bb, EDA a obtenu le COUP DE CHAPEAU, 2\u00e8me prix sur 273 associations participantes ! PLUS D&rsquo;INFOS<\/p>\n","protected":false},"author":3,"featured_media":0,"comment_status":"open","ping_status":"open","sticky":false,"template":"","format":"standard","meta":{"footnotes":""},"categories":[1],"tags":[],"class_list":["post-506","post","type-post","status-publish","format-standard","hentry","category-inclassables"],"_links":{"self":[{"href":"https:\/\/www.enfantsdesandes.org\/blog\/index.php?rest_route=\/wp\/v2\/posts\/506","targetHints":{"allow":["GET"]}}],"collection":[{"href":"https:\/\/www.enfantsdesandes.org\/blog\/index.php?rest_route=\/wp\/v2\/posts"}],"about":[{"href":"https:\/\/www.enfantsdesandes.org\/blog\/index.php?rest_route=\/wp\/v2\/types\/post"}],"author":[{"embeddable":true,"href":"https:\/\/www.enfantsdesandes.org\/blog\/index.php?rest_route=\/wp\/v2\/users\/3"}],"replies":[{"embeddable":true,"href":"https:\/\/www.enfantsdesandes.org\/blog\/index.php?rest_route=%2Fwp%2Fv2%2Fcomments&post=506"}],"version-history":[{"count":1,"href":"https:\/\/www.enfantsdesandes.org\/blog\/index.php?rest_route=\/wp\/v2\/posts\/506\/revisions"}],"predecessor-version":[{"id":508,"href":"https:\/\/www.enfantsdesandes.org\/blog\/index.php?rest_route=\/wp\/v2\/posts\/506\/revisions\/508"}],"wp:attachment":[{"href":"https:\/\/www.enfantsdesandes.org\/blog\/index.php?rest_route=%2Fwp%2Fv2%2Fmedia&parent=506"}],"wp:term":[{"taxonomy":"category","embeddable":true,"href":"https:\/\/www.enfantsdesandes.org\/blog\/index.php?rest_route=%2Fwp%2Fv2%2Fcategories&post=506"},{"taxonomy":"post_tag","embeddable":true,"href":"https:\/\/www.enfantsdesandes.org\/blog\/index.php?rest_route=%2Fwp%2Fv2%2Ftags&post=506"}],"curies":[{"name":"wp","href":"https:\/\/api.w.org\/{rel}","templated":true}]}}