{"id":502,"date":"2013-05-10T14:12:04","date_gmt":"2013-05-10T12:12:04","guid":{"rendered":"https:\/\/www.enfantsdesandes.org\/blog\/?p=502"},"modified":"2013-05-10T14:12:04","modified_gmt":"2013-05-10T12:12:04","slug":"enfants-des-andes-racontee-par-sa-presidente","status":"publish","type":"post","link":"https:\/\/www.enfantsdesandes.org\/blog\/?p=502","title":{"rendered":"Enfants des Andes racont\u00e9e par sa Pr\u00e9sidente&#8230;"},"content":{"rendered":"<p>Regardez cette vid\u00e9o, qui revient sur les origines d&rsquo;Enfants des Andes&#8230;<\/p>\n<p><a href=\"http:\/\/www.youtube.com\/watch?v=asxcLzb9jUc\">CLIQUEZ ICI<\/a><\/p>\n","protected":false},"excerpt":{"rendered":"<p>Regardez cette vid\u00e9o, qui revient sur les origines d&rsquo;Enfants des Andes&#8230; CLIQUEZ ICI<\/p>\n","protected":false},"author":3,"featured_media":0,"comment_status":"open","ping_status":"open","sticky":false,"template":"","format":"standard","meta":{"footnotes":""},"categories":[1],"tags":[],"class_list":["post-502","post","type-post","status-publish","format-standard","hentry","category-inclassables"],"_links":{"self":[{"href":"https:\/\/www.enfantsdesandes.org\/blog\/index.php?rest_route=\/wp\/v2\/posts\/502","targetHints":{"allow":["GET"]}}],"collection":[{"href":"https:\/\/www.enfantsdesandes.org\/blog\/index.php?rest_route=\/wp\/v2\/posts"}],"about":[{"href":"https:\/\/www.enfantsdesandes.org\/blog\/index.php?rest_route=\/wp\/v2\/types\/post"}],"author":[{"embeddable":true,"href":"https:\/\/www.enfantsdesandes.org\/blog\/index.php?rest_route=\/wp\/v2\/users\/3"}],"replies":[{"embeddable":true,"href":"https:\/\/www.enfantsdesandes.org\/blog\/index.php?rest_route=%2Fwp%2Fv2%2Fcomments&post=502"}],"version-history":[{"count":1,"href":"https:\/\/www.enfantsdesandes.org\/blog\/index.php?rest_route=\/wp\/v2\/posts\/502\/revisions"}],"predecessor-version":[{"id":503,"href":"https:\/\/www.enfantsdesandes.org\/blog\/index.php?rest_route=\/wp\/v2\/posts\/502\/revisions\/503"}],"wp:attachment":[{"href":"https:\/\/www.enfantsdesandes.org\/blog\/index.php?rest_route=%2Fwp%2Fv2%2Fmedia&parent=502"}],"wp:term":[{"taxonomy":"category","embeddable":true,"href":"https:\/\/www.enfantsdesandes.org\/blog\/index.php?rest_route=%2Fwp%2Fv2%2Fcategories&post=502"},{"taxonomy":"post_tag","embeddable":true,"href":"https:\/\/www.enfantsdesandes.org\/blog\/index.php?rest_route=%2Fwp%2Fv2%2Ftags&post=502"}],"curies":[{"name":"wp","href":"https:\/\/api.w.org\/{rel}","templated":true}]}}