{"id":49,"date":"2009-04-29T16:21:40","date_gmt":"2009-04-29T14:21:40","guid":{"rendered":"https:\/\/www.enfantsdesandes.org\/blog\/?p=49"},"modified":"2009-05-14T13:05:22","modified_gmt":"2009-05-14T11:05:22","slug":"parrainez-un-enfant","status":"publish","type":"post","link":"https:\/\/www.enfantsdesandes.org\/blog\/?p=49","title":{"rendered":"Parrainez un enfant !"},"content":{"rendered":"<p><a href=\"https:\/\/www.enfantsdesandes.org\/blog\/wp-content\/uploads\/parrainage.jpg\"><\/a><a href=\"https:\/\/www.enfantsdesandes.org\/blog\/wp-content\/uploads\/diapositive1.jpg\"><img loading=\"lazy\" decoding=\"async\" class=\"alignleft size-full wp-image-58\" title=\"diapositive1\" src=\"https:\/\/www.enfantsdesandes.org\/blog\/wp-content\/uploads\/diapositive1.jpg\" alt=\"diapositive1\" width=\"277\" height=\"207\" srcset=\"https:\/\/www.enfantsdesandes.org\/blog\/wp-content\/uploads\/diapositive1.jpg 720w, https:\/\/www.enfantsdesandes.org\/blog\/wp-content\/uploads\/diapositive1-300x225.jpg 300w\" sizes=\"auto, (max-width: 277px) 100vw, 277px\" \/><\/a>\u00a0\u00a0\u00a0\u00a0\u00a0\u00a0\u00a0\u00a0\u00a0\u00a0\u00a0\u00a0\u00a0\u00a0\u00a0\u00a0\u00a0\u00a0\u00a0\u00a0\u00a0\u00a0\u00a0\u00a0\u00a0\u00a0\u00a0\u00a0\u00a0\u00a0\u00a0\u00a0\u00a0\u00a0\u00a0\u00a0\u00a0\u00a0\u00a0\u00a0\u00a0\u00a0\u00a0\u00a0\u00a0\u00a0\u00a0\u00a0 Pensez \u00e0 l&rsquo;aide que vous pourrez apporter \u00e0 l&rsquo;un de ces enfants : un lit, des repas \u00e9quilibr\u00e9s, une scolarisation adapt\u00e9e, un suivi m\u00e9dical.<\/p>\n<p>\u00a0<\/p>\n<p>\u00a0<\/p>\n<p><a href=\"https:\/\/www.enfantsdesandes.org\/blog\/wp-content\/uploads\/dossier-parrainage.pdf\"><strong>Consultez le dossier Parrainages<\/strong><\/a><\/p>\n","protected":false},"excerpt":{"rendered":"<p>\u00a0\u00a0\u00a0\u00a0\u00a0\u00a0\u00a0\u00a0\u00a0\u00a0\u00a0\u00a0\u00a0\u00a0\u00a0\u00a0\u00a0\u00a0\u00a0\u00a0\u00a0\u00a0\u00a0\u00a0\u00a0\u00a0\u00a0\u00a0\u00a0\u00a0\u00a0\u00a0\u00a0\u00a0\u00a0\u00a0\u00a0\u00a0\u00a0\u00a0\u00a0\u00a0\u00a0\u00a0\u00a0\u00a0\u00a0\u00a0 Pensez \u00e0 l&rsquo;aide que vous pourrez apporter \u00e0 l&rsquo;un de ces enfants : un lit, des repas \u00e9quilibr\u00e9s, une scolarisation adapt\u00e9e, un suivi m\u00e9dical. \u00a0 \u00a0 Consultez le dossier Parrainages<\/p>\n","protected":false},"author":3,"featured_media":0,"comment_status":"open","ping_status":"open","sticky":false,"template":"","format":"standard","meta":{"footnotes":""},"categories":[12],"tags":[],"class_list":["post-49","post","type-post","status-publish","format-standard","hentry","category-parrainage"],"_links":{"self":[{"href":"https:\/\/www.enfantsdesandes.org\/blog\/index.php?rest_route=\/wp\/v2\/posts\/49","targetHints":{"allow":["GET"]}}],"collection":[{"href":"https:\/\/www.enfantsdesandes.org\/blog\/index.php?rest_route=\/wp\/v2\/posts"}],"about":[{"href":"https:\/\/www.enfantsdesandes.org\/blog\/index.php?rest_route=\/wp\/v2\/types\/post"}],"author":[{"embeddable":true,"href":"https:\/\/www.enfantsdesandes.org\/blog\/index.php?rest_route=\/wp\/v2\/users\/3"}],"replies":[{"embeddable":true,"href":"https:\/\/www.enfantsdesandes.org\/blog\/index.php?rest_route=%2Fwp%2Fv2%2Fcomments&post=49"}],"version-history":[{"count":10,"href":"https:\/\/www.enfantsdesandes.org\/blog\/index.php?rest_route=\/wp\/v2\/posts\/49\/revisions"}],"predecessor-version":[{"id":54,"href":"https:\/\/www.enfantsdesandes.org\/blog\/index.php?rest_route=\/wp\/v2\/posts\/49\/revisions\/54"}],"wp:attachment":[{"href":"https:\/\/www.enfantsdesandes.org\/blog\/index.php?rest_route=%2Fwp%2Fv2%2Fmedia&parent=49"}],"wp:term":[{"taxonomy":"category","embeddable":true,"href":"https:\/\/www.enfantsdesandes.org\/blog\/index.php?rest_route=%2Fwp%2Fv2%2Fcategories&post=49"},{"taxonomy":"post_tag","embeddable":true,"href":"https:\/\/www.enfantsdesandes.org\/blog\/index.php?rest_route=%2Fwp%2Fv2%2Ftags&post=49"}],"curies":[{"name":"wp","href":"https:\/\/api.w.org\/{rel}","templated":true}]}}