{"id":468,"date":"2013-01-02T17:10:49","date_gmt":"2013-01-02T15:10:49","guid":{"rendered":"https:\/\/www.enfantsdesandes.org\/blog\/?p=468"},"modified":"2013-01-02T17:12:49","modified_gmt":"2013-01-02T15:12:49","slug":"une-tradition-au-perou-le-31-decembre-quemar-el-muneco-bruler-le-poupon","status":"publish","type":"post","link":"https:\/\/www.enfantsdesandes.org\/blog\/?p=468","title":{"rendered":"Une tradition au P\u00e9rou : le 31 d\u00e9cembre, quemar el mu\u00f1eco (br\u00fbler le poupon)"},"content":{"rendered":"<p>Pendant la p\u00e9riode entre No\u00ebl et le 1er janvier, chaque famille r\u00e9unit les vieux v\u00eatements et fait un grand poupon, de la taille d\u2019un homme. On le bourre de p\u00e9tards et \u00e0 minuit on le br\u00fble en dansant autour et les p\u00e9tards explosent et on en fait exploser d\u2019autres et on envoie des petits feux d\u2019artifice artisanaux, grand danger mais, que de r\u00e9jouissances autour du poupon !<\/p>\n<p>Belle symbolique aussi : tout le vieux est br\u00fbl\u00e9, la vieille ann\u00e9e : on la laisse derri\u00e8re, on l\u2019oublie, on la br\u00fble en quelque sorte, et on se tourne, tout neufs, vers la nouvelle ann\u00e9e: avec des v\u00eatements neufs, ce sera du neuf, de nouvelles opportunit\u00e9s, de nouvelles esp\u00e9rances.<br \/>\n<div id=\"attachment_471\" style=\"width: 310px\" class=\"wp-caption aligncenter\"><a href=\"https:\/\/www.enfantsdesandes.org\/blog\/wp-content\/uploads\/100_27831.jpg\"><img loading=\"lazy\" decoding=\"async\" aria-describedby=\"caption-attachment-471\" src=\"https:\/\/www.enfantsdesandes.org\/blog\/wp-content\/uploads\/100_27831-300x224.jpg\" alt=\"No\u00ebl au P\u00e9rou\" title=\"No\u00ebl au P\u00e9rou\" width=\"300\" height=\"224\" class=\"size-medium wp-image-471\" srcset=\"https:\/\/www.enfantsdesandes.org\/blog\/wp-content\/uploads\/100_27831-300x224.jpg 300w, https:\/\/www.enfantsdesandes.org\/blog\/wp-content\/uploads\/100_27831-1024x768.jpg 1024w\" sizes=\"auto, (max-width: 300px) 100vw, 300px\" \/><\/a><p id=\"caption-attachment-471\" class=\"wp-caption-text\">No\u00ebl au P\u00e9rou<\/p><\/div><\/p>\n","protected":false},"excerpt":{"rendered":"<p>Pendant la p\u00e9riode entre No\u00ebl et le 1er janvier, chaque famille r\u00e9unit les vieux v\u00eatements et fait un grand poupon, de la taille d\u2019un homme. On le bourre de p\u00e9tards et \u00e0 minuit on le br\u00fble en dansant autour et les p\u00e9tards explosent et on en fait exploser d\u2019autres et on envoie des petits feux [&hellip;]<\/p>\n","protected":false},"author":3,"featured_media":0,"comment_status":"open","ping_status":"open","sticky":false,"template":"","format":"standard","meta":{"footnotes":""},"categories":[1],"tags":[],"class_list":["post-468","post","type-post","status-publish","format-standard","hentry","category-inclassables"],"_links":{"self":[{"href":"https:\/\/www.enfantsdesandes.org\/blog\/index.php?rest_route=\/wp\/v2\/posts\/468","targetHints":{"allow":["GET"]}}],"collection":[{"href":"https:\/\/www.enfantsdesandes.org\/blog\/index.php?rest_route=\/wp\/v2\/posts"}],"about":[{"href":"https:\/\/www.enfantsdesandes.org\/blog\/index.php?rest_route=\/wp\/v2\/types\/post"}],"author":[{"embeddable":true,"href":"https:\/\/www.enfantsdesandes.org\/blog\/index.php?rest_route=\/wp\/v2\/users\/3"}],"replies":[{"embeddable":true,"href":"https:\/\/www.enfantsdesandes.org\/blog\/index.php?rest_route=%2Fwp%2Fv2%2Fcomments&post=468"}],"version-history":[{"count":2,"href":"https:\/\/www.enfantsdesandes.org\/blog\/index.php?rest_route=\/wp\/v2\/posts\/468\/revisions"}],"predecessor-version":[{"id":472,"href":"https:\/\/www.enfantsdesandes.org\/blog\/index.php?rest_route=\/wp\/v2\/posts\/468\/revisions\/472"}],"wp:attachment":[{"href":"https:\/\/www.enfantsdesandes.org\/blog\/index.php?rest_route=%2Fwp%2Fv2%2Fmedia&parent=468"}],"wp:term":[{"taxonomy":"category","embeddable":true,"href":"https:\/\/www.enfantsdesandes.org\/blog\/index.php?rest_route=%2Fwp%2Fv2%2Fcategories&post=468"},{"taxonomy":"post_tag","embeddable":true,"href":"https:\/\/www.enfantsdesandes.org\/blog\/index.php?rest_route=%2Fwp%2Fv2%2Ftags&post=468"}],"curies":[{"name":"wp","href":"https:\/\/api.w.org\/{rel}","templated":true}]}}