{"id":360,"date":"2011-01-11T09:42:10","date_gmt":"2011-01-11T07:42:10","guid":{"rendered":"https:\/\/www.enfantsdesandes.org\/blog\/?p=360"},"modified":"2011-01-11T09:42:55","modified_gmt":"2011-01-11T07:42:55","slug":"notre-equipe-de-foot-a-nasca","status":"publish","type":"post","link":"https:\/\/www.enfantsdesandes.org\/blog\/?p=360","title":{"rendered":"Notre \u00e9quipe de foot \u00e0 Nasca"},"content":{"rendered":"<p>Premier match, premi\u00e8re victoire, 3-1 !<\/p>\n<p><a href=\"https:\/\/www.enfantsdesandes.org\/blog\/wp-content\/uploads\/foot1.jpg\"><img loading=\"lazy\" decoding=\"async\" class=\"alignleft size-thumbnail wp-image-361\" title=\"foot1\" src=\"https:\/\/www.enfantsdesandes.org\/blog\/wp-content\/uploads\/foot1-150x150.jpg\" alt=\"foot1\" width=\"150\" height=\"150\" \/><\/a><a href=\"https:\/\/www.enfantsdesandes.org\/blog\/wp-content\/uploads\/foot4.jpg\"><img loading=\"lazy\" decoding=\"async\" class=\"alignleft size-thumbnail wp-image-362\" title=\"foot4\" src=\"https:\/\/www.enfantsdesandes.org\/blog\/wp-content\/uploads\/foot4-150x150.jpg\" alt=\"foot4\" width=\"150\" height=\"150\" \/><\/a><a href=\"https:\/\/www.enfantsdesandes.org\/blog\/wp-content\/uploads\/foot5.jpg\"><img loading=\"lazy\" decoding=\"async\" class=\"alignleft size-thumbnail wp-image-363\" title=\"foot5\" src=\"https:\/\/www.enfantsdesandes.org\/blog\/wp-content\/uploads\/foot5-150x150.jpg\" alt=\"foot5\" width=\"150\" height=\"150\" \/><\/a><\/p>\n","protected":false},"excerpt":{"rendered":"<p>Premier match, premi\u00e8re victoire, 3-1 !<\/p>\n","protected":false},"author":3,"featured_media":0,"comment_status":"open","ping_status":"open","sticky":false,"template":"","format":"standard","meta":{"footnotes":""},"categories":[1],"tags":[],"class_list":["post-360","post","type-post","status-publish","format-standard","hentry","category-inclassables"],"_links":{"self":[{"href":"https:\/\/www.enfantsdesandes.org\/blog\/index.php?rest_route=\/wp\/v2\/posts\/360","targetHints":{"allow":["GET"]}}],"collection":[{"href":"https:\/\/www.enfantsdesandes.org\/blog\/index.php?rest_route=\/wp\/v2\/posts"}],"about":[{"href":"https:\/\/www.enfantsdesandes.org\/blog\/index.php?rest_route=\/wp\/v2\/types\/post"}],"author":[{"embeddable":true,"href":"https:\/\/www.enfantsdesandes.org\/blog\/index.php?rest_route=\/wp\/v2\/users\/3"}],"replies":[{"embeddable":true,"href":"https:\/\/www.enfantsdesandes.org\/blog\/index.php?rest_route=%2Fwp%2Fv2%2Fcomments&post=360"}],"version-history":[{"count":2,"href":"https:\/\/www.enfantsdesandes.org\/blog\/index.php?rest_route=\/wp\/v2\/posts\/360\/revisions"}],"predecessor-version":[{"id":365,"href":"https:\/\/www.enfantsdesandes.org\/blog\/index.php?rest_route=\/wp\/v2\/posts\/360\/revisions\/365"}],"wp:attachment":[{"href":"https:\/\/www.enfantsdesandes.org\/blog\/index.php?rest_route=%2Fwp%2Fv2%2Fmedia&parent=360"}],"wp:term":[{"taxonomy":"category","embeddable":true,"href":"https:\/\/www.enfantsdesandes.org\/blog\/index.php?rest_route=%2Fwp%2Fv2%2Fcategories&post=360"},{"taxonomy":"post_tag","embeddable":true,"href":"https:\/\/www.enfantsdesandes.org\/blog\/index.php?rest_route=%2Fwp%2Fv2%2Ftags&post=360"}],"curies":[{"name":"wp","href":"https:\/\/api.w.org\/{rel}","templated":true}]}}