{"id":308,"date":"2010-03-05T10:44:05","date_gmt":"2010-03-05T08:44:05","guid":{"rendered":"https:\/\/www.enfantsdesandes.org\/blog\/?p=308"},"modified":"2010-03-05T10:45:19","modified_gmt":"2010-03-05T08:45:19","slug":"des-livres-pour-notre-bibliotheque","status":"publish","type":"post","link":"https:\/\/www.enfantsdesandes.org\/blog\/?p=308","title":{"rendered":"Des livres pour notre biblioth\u00e8que&#8230;"},"content":{"rendered":"<p>Nous avons \u00e0 la Aldea de Tingo Maria une biblioth\u00e8que, repeinte, avec des tables et des chaises, des \u00e9tag\u00e8res&#8230; mais sans livres !<\/p>\n<p>Afin de pouvoir ouvrir ce lieu \u00e0 la population de Naranjillo, nous recherchons des livres en langue espagnole : pour leur acheminement nous pouvons trouver des solutions&#8230;<\/p>\n<p>Merci \u00e0 tous !<\/p>\n","protected":false},"excerpt":{"rendered":"<p>Nous avons \u00e0 la Aldea de Tingo Maria une biblioth\u00e8que, repeinte, avec des tables et des chaises, des \u00e9tag\u00e8res&#8230; mais sans livres ! Afin de pouvoir ouvrir ce lieu \u00e0 la population de Naranjillo, nous recherchons des livres en langue espagnole : pour leur acheminement nous pouvons trouver des solutions&#8230; Merci \u00e0 tous !<\/p>\n","protected":false},"author":3,"featured_media":0,"comment_status":"open","ping_status":"open","sticky":false,"template":"","format":"standard","meta":{"footnotes":""},"categories":[1],"tags":[],"class_list":["post-308","post","type-post","status-publish","format-standard","hentry","category-inclassables"],"_links":{"self":[{"href":"https:\/\/www.enfantsdesandes.org\/blog\/index.php?rest_route=\/wp\/v2\/posts\/308","targetHints":{"allow":["GET"]}}],"collection":[{"href":"https:\/\/www.enfantsdesandes.org\/blog\/index.php?rest_route=\/wp\/v2\/posts"}],"about":[{"href":"https:\/\/www.enfantsdesandes.org\/blog\/index.php?rest_route=\/wp\/v2\/types\/post"}],"author":[{"embeddable":true,"href":"https:\/\/www.enfantsdesandes.org\/blog\/index.php?rest_route=\/wp\/v2\/users\/3"}],"replies":[{"embeddable":true,"href":"https:\/\/www.enfantsdesandes.org\/blog\/index.php?rest_route=%2Fwp%2Fv2%2Fcomments&post=308"}],"version-history":[{"count":4,"href":"https:\/\/www.enfantsdesandes.org\/blog\/index.php?rest_route=\/wp\/v2\/posts\/308\/revisions"}],"predecessor-version":[{"id":312,"href":"https:\/\/www.enfantsdesandes.org\/blog\/index.php?rest_route=\/wp\/v2\/posts\/308\/revisions\/312"}],"wp:attachment":[{"href":"https:\/\/www.enfantsdesandes.org\/blog\/index.php?rest_route=%2Fwp%2Fv2%2Fmedia&parent=308"}],"wp:term":[{"taxonomy":"category","embeddable":true,"href":"https:\/\/www.enfantsdesandes.org\/blog\/index.php?rest_route=%2Fwp%2Fv2%2Fcategories&post=308"},{"taxonomy":"post_tag","embeddable":true,"href":"https:\/\/www.enfantsdesandes.org\/blog\/index.php?rest_route=%2Fwp%2Fv2%2Ftags&post=308"}],"curies":[{"name":"wp","href":"https:\/\/api.w.org\/{rel}","templated":true}]}}