{"id":272,"date":"2009-07-27T14:44:57","date_gmt":"2009-07-27T12:44:57","guid":{"rendered":"https:\/\/www.enfantsdesandes.org\/blog\/?p=272"},"modified":"2009-07-27T14:48:12","modified_gmt":"2009-07-27T12:48:12","slug":"gros-plan-sur","status":"publish","type":"post","link":"https:\/\/www.enfantsdesandes.org\/blog\/?p=272","title":{"rendered":"Gros plan sur&#8230;"},"content":{"rendered":"<p><a href=\"https:\/\/www.enfantsdesandes.org\/blog\/wp-content\/uploads\/p7110022.jpg\"><img loading=\"lazy\" decoding=\"async\" class=\"size-thumbnail wp-image-273 alignleft\" title=\"p7110022\" src=\"https:\/\/www.enfantsdesandes.org\/blog\/wp-content\/uploads\/p7110022-150x150.jpg\" alt=\"Ca bosse... \" width=\"150\" height=\"150\" \/><\/a><\/p>\n<p>Mathieu Lecarpentier, volontaire qui vient pour la troisi\u00e8me fois. Cette fois, il est pass\u00e9 par Tingo Maria et la Aldea pour rencontrer les nouveaux enfants, et voir l&rsquo;\u00e9volution de la Aldea. Puis il est venu conna\u00eetre le nouveau projet de Nazca : avec Piero et Cesar, deux amis de Tingo, ils ont pris pelle et pioche pour r\u00e9parer notre puits sec.<\/p>\n<p>\u00a0<\/p>\n<p>Mais ce n&rsquo;est pas tout : Mathieu a achet\u00e9&#8230; une d\u00e9broussailleuse pour la Chacra, le champ de la Aldea de Tingo !! Adieu machettes et ampoules !!!<\/p>\n","protected":false},"excerpt":{"rendered":"<p>Mathieu Lecarpentier, volontaire qui vient pour la troisi\u00e8me fois. Cette fois, il est pass\u00e9 par Tingo Maria et la Aldea pour rencontrer les nouveaux enfants, et voir l&rsquo;\u00e9volution de la Aldea. Puis il est venu conna\u00eetre le nouveau projet de Nazca : avec Piero et Cesar, deux amis de Tingo, ils ont pris pelle et [&hellip;]<\/p>\n","protected":false},"author":3,"featured_media":0,"comment_status":"open","ping_status":"open","sticky":false,"template":"","format":"standard","meta":{"footnotes":""},"categories":[4],"tags":[],"class_list":["post-272","post","type-post","status-publish","format-standard","hentry","category-a-nazca"],"_links":{"self":[{"href":"https:\/\/www.enfantsdesandes.org\/blog\/index.php?rest_route=\/wp\/v2\/posts\/272","targetHints":{"allow":["GET"]}}],"collection":[{"href":"https:\/\/www.enfantsdesandes.org\/blog\/index.php?rest_route=\/wp\/v2\/posts"}],"about":[{"href":"https:\/\/www.enfantsdesandes.org\/blog\/index.php?rest_route=\/wp\/v2\/types\/post"}],"author":[{"embeddable":true,"href":"https:\/\/www.enfantsdesandes.org\/blog\/index.php?rest_route=\/wp\/v2\/users\/3"}],"replies":[{"embeddable":true,"href":"https:\/\/www.enfantsdesandes.org\/blog\/index.php?rest_route=%2Fwp%2Fv2%2Fcomments&post=272"}],"version-history":[{"count":3,"href":"https:\/\/www.enfantsdesandes.org\/blog\/index.php?rest_route=\/wp\/v2\/posts\/272\/revisions"}],"predecessor-version":[{"id":275,"href":"https:\/\/www.enfantsdesandes.org\/blog\/index.php?rest_route=\/wp\/v2\/posts\/272\/revisions\/275"}],"wp:attachment":[{"href":"https:\/\/www.enfantsdesandes.org\/blog\/index.php?rest_route=%2Fwp%2Fv2%2Fmedia&parent=272"}],"wp:term":[{"taxonomy":"category","embeddable":true,"href":"https:\/\/www.enfantsdesandes.org\/blog\/index.php?rest_route=%2Fwp%2Fv2%2Fcategories&post=272"},{"taxonomy":"post_tag","embeddable":true,"href":"https:\/\/www.enfantsdesandes.org\/blog\/index.php?rest_route=%2Fwp%2Fv2%2Ftags&post=272"}],"curies":[{"name":"wp","href":"https:\/\/api.w.org\/{rel}","templated":true}]}}