{"id":243,"date":"2009-07-21T15:08:09","date_gmt":"2009-07-21T13:08:09","guid":{"rendered":"https:\/\/www.enfantsdesandes.org\/blog\/?p=243"},"modified":"2009-07-21T15:26:55","modified_gmt":"2009-07-21T13:26:55","slug":"retour-de-la-presidente-a-nasca","status":"publish","type":"post","link":"https:\/\/www.enfantsdesandes.org\/blog\/?p=243","title":{"rendered":"Retour de la Pr\u00e9sidente \u00e0 Nasca"},"content":{"rendered":"<div class=\"mceTemp\">\n<div class=\"mceTemp\">\n<div class=\"mceTemp\">\u00a0<\/div>\n<div id=\"attachment_246\" style=\"width: 160px\" class=\"wp-caption alignleft\"><a href=\"https:\/\/www.enfantsdesandes.org\/blog\/wp-content\/uploads\/p7060021.jpg\"><img loading=\"lazy\" decoding=\"async\" aria-describedby=\"caption-attachment-246\" class=\"size-thumbnail wp-image-246\" title=\"p7060021\" src=\"https:\/\/www.enfantsdesandes.org\/blog\/wp-content\/uploads\/p7060021-150x150.jpg\" alt=\"A Nazca...\" width=\"150\" height=\"150\" \/><\/a><p id=\"caption-attachment-246\" class=\"wp-caption-text\">A Nazca...<\/p><\/div>\n<\/div>\n<dl id=\"attachment_244\" class=\"wp-caption alignleft\" style=\"width: 160px;\">\n<dt class=\"wp-caption-dt\"><a href=\"https:\/\/www.enfantsdesandes.org\/blog\/wp-content\/uploads\/p7060014.jpg\"><img loading=\"lazy\" decoding=\"async\" class=\"size-thumbnail wp-image-244 \" title=\"p7060014\" src=\"https:\/\/www.enfantsdesandes.org\/blog\/wp-content\/uploads\/p7060014-150x150.jpg\" alt=\"Rose et Marie-Th\u00e9r\u00e8se\" width=\"150\" height=\"150\" \/><\/a><\/dt>\n<dd class=\"wp-caption-dd\">Rose et Marie-Th\u00e9r\u00e8se<\/dd>\n<\/dl>\n<\/div>\n<p>\u00a0<\/p>\n<p>\u00a0<\/p>\n<p>\u00a0<\/p>\n<p>\u00a0<\/p>\n<p>\u00a0<\/p>\n<p><span style=\"font-family: Arial; font-size: 10pt;\">\u00ab\u00a0Que de sensations \u00e9tranges pendant cette p\u00e9riode! Tout se bouscule.<\/span><\/p>\n<p>\u00a0<\/p>\n<p class=\"MsoNormal\" style=\"margin: 0cm 0cm 0pt;\"><span style=\"font-family: Arial; font-size: 10pt;\">Le d\u00e9part de France a \u00e9t\u00e9 difficile, bien s\u00fbr. Quitter la famille, les amis, la maison, le confort, le beau temps, la plage. L&rsquo;arriv\u00e9e \u00e0 Lima a \u00e9t\u00e9 difficile : nuageuse, poisseuse, froide et humide.<\/span><\/p>\n<p class=\"MsoNormal\" style=\"margin: 0cm 0cm 0pt;\"><span style=\"font-family: Arial; font-size: 10pt;\">\u00a0<\/span><\/p>\n<p class=\"MsoNormal\" style=\"margin: 0cm 0cm 0pt;\"><span style=\"font-family: Arial; font-size: 10pt;\">Le lendemain je remettais les valises dans le bus. L&rsquo;arriv\u00e9e \u00e0 Nasca c&rsquo;\u00e9tait la joie de nous revoir, mes filles ne se d\u00e9crochaient plus de moi. C&rsquo;\u00e9tait revoir aussi les volontaires et d\u00e9couvrir les nouvelles.<\/span><\/p>\n<p class=\"MsoNormal\" style=\"margin: 0cm 0cm 0pt;\"><span style=\"font-family: Arial; font-size: 10pt;\">\u00a0<\/span><\/p>\n<p class=\"MsoNormal\" style=\"margin: 0cm 0cm 0pt;\"><span style=\"font-family: Arial; font-size: 10pt;\">Une nouvelle \u00e9tape maintenant, et , gr\u00e2ce \u00e0 ce blog, je peux m&rsquo;adresser \u00e0 vous tous, parrains et amis, vous dire merci d&rsquo;\u00eatre avec nous, merci de votre soutien. <\/span><\/p>\n<p class=\"MsoNormal\" style=\"margin: 0cm 0cm 0pt;\"><span style=\"font-family: Arial; font-size: 10pt;\">\u00a0<\/span><\/p>\n<p class=\"MsoNormal\" style=\"margin: 0cm 0cm 0pt;\"><span style=\"font-family: Arial; font-size: 10pt;\">Mais je peux dire aussi aux inconnus : si vous cherchez \u00e0 aider, venez, nous avons besoin d&rsquo;aide, nous avons besoin de sourires qui nous donneront le courage et la force de continuer.\u00a0\u00bb<\/span><\/p>\n<p class=\"MsoNormal\" style=\"margin: 0cm 0cm 0pt;\">\u00a0<\/p>\n<p class=\"MsoNormal\" style=\"margin: 0cm 0cm 0pt;\"><span style=\"font-family: Arial; font-size: 10pt;\">Marie-Th\u00e9r\u00e8se Martinez<\/span><\/p>\n<p class=\"MsoNormal\" style=\"margin: 0cm 0cm 0pt;\"><span style=\"font-family: Arial; font-size: 10pt;\">\u00a0<\/span><\/p>\n<p class=\"MsoNormal\" style=\"margin: 0cm 0cm 0pt;\">\u00a0<\/p>\n<div id=\"attachment_253\" style=\"width: 160px\" class=\"wp-caption alignleft\"><a href=\"https:\/\/www.enfantsdesandes.org\/blog\/wp-content\/uploads\/p10302821.jpg\"><img loading=\"lazy\" decoding=\"async\" aria-describedby=\"caption-attachment-253\" class=\"size-thumbnail wp-image-253 \" title=\"p10302821\" src=\"https:\/\/www.enfantsdesandes.org\/blog\/wp-content\/uploads\/p10302821-150x150.jpg\" alt=\"le centre de langues, l'\u00e9cole de Nazca\" width=\"150\" height=\"150\" \/><\/a><p id=\"caption-attachment-253\" class=\"wp-caption-text\">le centre de langues, l&#39;\u00e9cole de Nazca<\/p><\/div>\n","protected":false},"excerpt":{"rendered":"<p>\u00a0 Rose et Marie-Th\u00e9r\u00e8se \u00a0 \u00a0 \u00a0 \u00a0 \u00a0 \u00ab\u00a0Que de sensations \u00e9tranges pendant cette p\u00e9riode! Tout se bouscule. \u00a0 Le d\u00e9part de France a \u00e9t\u00e9 difficile, bien s\u00fbr. Quitter la famille, les amis, la maison, le confort, le beau temps, la plage. L&rsquo;arriv\u00e9e \u00e0 Lima a \u00e9t\u00e9 difficile : nuageuse, poisseuse, froide et humide. [&hellip;]<\/p>\n","protected":false},"author":3,"featured_media":0,"comment_status":"open","ping_status":"open","sticky":false,"template":"","format":"standard","meta":{"footnotes":""},"categories":[4],"tags":[],"class_list":["post-243","post","type-post","status-publish","format-standard","hentry","category-a-nazca"],"_links":{"self":[{"href":"https:\/\/www.enfantsdesandes.org\/blog\/index.php?rest_route=\/wp\/v2\/posts\/243","targetHints":{"allow":["GET"]}}],"collection":[{"href":"https:\/\/www.enfantsdesandes.org\/blog\/index.php?rest_route=\/wp\/v2\/posts"}],"about":[{"href":"https:\/\/www.enfantsdesandes.org\/blog\/index.php?rest_route=\/wp\/v2\/types\/post"}],"author":[{"embeddable":true,"href":"https:\/\/www.enfantsdesandes.org\/blog\/index.php?rest_route=\/wp\/v2\/users\/3"}],"replies":[{"embeddable":true,"href":"https:\/\/www.enfantsdesandes.org\/blog\/index.php?rest_route=%2Fwp%2Fv2%2Fcomments&post=243"}],"version-history":[{"count":13,"href":"https:\/\/www.enfantsdesandes.org\/blog\/index.php?rest_route=\/wp\/v2\/posts\/243\/revisions"}],"predecessor-version":[{"id":263,"href":"https:\/\/www.enfantsdesandes.org\/blog\/index.php?rest_route=\/wp\/v2\/posts\/243\/revisions\/263"}],"wp:attachment":[{"href":"https:\/\/www.enfantsdesandes.org\/blog\/index.php?rest_route=%2Fwp%2Fv2%2Fmedia&parent=243"}],"wp:term":[{"taxonomy":"category","embeddable":true,"href":"https:\/\/www.enfantsdesandes.org\/blog\/index.php?rest_route=%2Fwp%2Fv2%2Fcategories&post=243"},{"taxonomy":"post_tag","embeddable":true,"href":"https:\/\/www.enfantsdesandes.org\/blog\/index.php?rest_route=%2Fwp%2Fv2%2Ftags&post=243"}],"curies":[{"name":"wp","href":"https:\/\/api.w.org\/{rel}","templated":true}]}}